{"id":171754,"date":"2017-12-05T18:02:47","date_gmt":"2017-12-05T18:02:47","guid":{"rendered":"http:\/\/diariodominicano.ddns.net\/?p=171754"},"modified":"2017-12-05T18:02:47","modified_gmt":"2017-12-05T18:02:47","slug":"el-80-de-la-poblacion-dominica-considera-no-existe-igualdad-ante-la-ley","status":"publish","type":"post","link":"https:\/\/diariodominicano.com\/?p=171754","title":{"rendered":"El 80% de la poblaci\u00f3n dominica considera no existe igualdad ante la ley"},"content":{"rendered":"<p><body><\/p>\n<p><strong>SANTO DOMINGO, Rep. Dominicana, (Cicom).<\/strong> El 80% de los dominicanos considera que entre ricos y pobres no existe igualdad frente a la ley, el 60% entiende que los ciudadanos no son tomados en cuenta por las autoridades y m\u00e1s de la mitad asocia el \u00ab\u00e9xito individual\u00bb a los \u00abprivilegios\u00bb y los \u00abamarres\u00bb.<\/p>\n<\/p>\n<p>Seg\u00fan los resultados de la encuesta de cultura pol\u00edtica\u00bbImaginar el futuro: ciudadan\u00eda y democracia en la cultura pol\u00edtica dominicana\u00bb, realizada por el Instituto de Investigaci\u00f3n Social para el Desarrollo (ISD)y la Fundaci\u00f3n Friedrich Ebert (FES), entre octubre y noviembre de 2016, para la mayor\u00eda de los dominicanos el pa\u00eds incumple los est\u00e1ndares b\u00e1sicos de un Estado democr\u00e1tico y de derecho. <\/p>\n<\/p>\n<p>Para los consultados por ISD, la igualdad ante la ley resulta nula, el gobierno no hace caso a la ciudadan\u00eda y el desarrollo de las personas m\u00e1s que del trabajo meritorio depende del \u00abenganche\u00bb.<\/p>\n<\/p>\n<p>Al presentar el an\u00e1lisis de los datos, Carlos Morel, director ejecutivo del ISD, afirm\u00f3 que la principal demanda de la sociedad dominicana es la de justicia y que la pol\u00edtica no se ve como el espacio para alcanzarla. \u00abEsto se debe a que los partidos pol\u00edticos han abandonado su rol de representar las demandas democr\u00e1ticas de la ciudadan\u00eda\u00bb, sostiene. <\/p>\n<\/p>\n<p>Explic\u00f3 el director ejecutivo del ISD que el compromiso con la democracia se debilita, que si bien un 76% considera que la democracia es la mejor forma de gobierno, una proporci\u00f3n similar (75%) desea un gobierno de mano dura, lo que se relaciona con el clima de inseguridad y el sustrato autoritario del discurso pol\u00edtico dominante. <\/p>\n<\/p>\n<p>Morel asegur\u00f3 que la forma como se concibe y se construye la ciudadan\u00eda en la sociedad dominicana responde a una relaci\u00f3n de \u00absumisi\u00f3n a la autoridad\u00bb, lo que obliga a replantear su rol como protagonista de la democracia.<\/p>\n<\/p>\n<p>Adem\u00e1s de la evaluaci\u00f3n del gobierno, los partidos pol\u00edticos y los actores de la sociedad civil, la investigaci\u00f3n se extendi\u00f3 a tem\u00e1ticas como el racismo, las migraciones, los derechos sociales y econ\u00f3micos, las identidades sexuales diversas, la homofobia, el aborto, el Estado laico, la situaci\u00f3n y la lucha de las mujeres, entre otras.  <\/p>\n<\/p>\n<p>Entre los resultados avanzados por Morel resalta que el d\u00e9ficit democr\u00e1tico se encuentra fundamentalmente en la falta de igualdad\/justicia (43%) y la violaci\u00f3n de la ley (42%). <\/p>\n<\/p>\n<p><strong> <\/strong><\/p>\n<p><strong> <\/strong><\/p>\n<p><strong> <\/strong><\/p>\n<p><strong>Insatisfacci\u00f3n con la gesti\u00f3n de gobierno<\/strong><\/p>\n<p><strong> <\/strong><\/p>\n<p>Destac\u00f3 que el gobierno \u00abse quema\u00bb en cuatro de cinco aspectos, que una escala de 0 a 100 obtiene 21 puntos en seguridad ciudadana, 22 en combate a la corrupci\u00f3n, 35 en la lucha contra la pobreza y 36 en el manejo de la econom\u00eda. <\/p>\n<p>Dijo que \u00abla \u00fanica buena nota la saca\u00bbes en educaci\u00f3n, con una evaluaci\u00f3n de 72 puntos. El promedio total es de 37 punto sobre 100.<\/p>\n<p><strong> <\/strong><\/p>\n<p><strong>La desconfianza<\/strong><\/p>\n<\/p>\n<p>Puso de manifiesto la desconfianza que existe en la poblaci\u00f3n a la labor de Junta Central Electoral (JCE), el Congreso, la Justicia y las Fuerzas Armadas.<\/p>\n<p>Dijo que menos del 25% de las personas conf\u00eda en la labor de esas instituciones y que el caso de FFAA es menor al 40%. <\/p>\n<p>\u00abSolo el Presidente mantiene un nivel de confianza aceptable con un 66%. La mayor desconfianza se expresa en los partidos pol\u00edticos con tasas mayores al 50%\u00bb, indica Morel.<\/p>\n<\/p>\n<p><strong>Los derechos sociales<\/strong><\/p>\n<\/p>\n<p>Dijo que si bien la mayor\u00eda de los dominicanos respalda medidas redistributivas y progresi\u00f3n impositiva (75%) y la gratuidad de la salud y la educaci\u00f3n (77% y 83% respectivamente), el apoyo a otros derechos resulta mucho menor. <\/p>\n<p>\u00abSolo el 47% de la poblaci\u00f3n apoya que se otorgue la nacionalidad a los hijos de inmigrantes haitianos nacidos en territorio dominicano, un 33% favorece el aborto como derecho y apenas un 13% defiende el matrimonio paritario.\u00bb, se\u00f1ala el director del ISD.<\/p>\n<\/p>\n<p>La encuesta de cultura pol\u00edtica se sustenta en 5,033 entrevistas a nivel nacional y prosigue el estudio Narrativas sobre la democracia dominicana del siglo 21 presentado por el ISD en septiembre de 2016. <\/p>\n<\/p>\n<p>La investigaci\u00f3n fue realizada por un equipo interdisciplinario encabezado por Anselmo Mu\u00f1iz y compuesto por LetyMelgen, Carlos Morel y Aris Balbuena.<\/p>\n<\/p>\n<p>La publicaci\u00f3n en formato de libro de 266 p\u00e1ginas cont\u00f3 con el respaldo de Fundaci\u00f3n Friedrich Ebert, Fundaci\u00f3n Masada y Oxfam. <\/p>\n<\/p>\n<p>4 diciembre 2017<\/p>\n<h6> 2017-12-05 18:02:47 <\/h6>\n<p><!--\n<link rel=\"stylesheet\" href=\"css\/bootstrap.min.css\">\n\n\n<ul class=\"pagination\">\n\t    \n\t\n\n<li >\n\t<a href='?page_no=7027'>Previous<\/a>\n\t<\/li>\n\n\n       \n    \n\n<li><a href='?page_no=1'>1<\/a><\/li>\n\n\n\n<li><a href='?page_no=2'>2<\/a><\/li>\n\n\n\n<li><a>...<\/a><\/li>\n\n\n\n<li><a href='?page_no=7026'>7026<\/a><\/li>\n\n\n\n<li><a href='?page_no=7027'>7027<\/a><\/li>\n\n\n\n<li class='active'><a>7028<\/a><\/li>\n\n\n\n<li><a href='?page_no=7029'>7029<\/a><\/li>\n\n\n\n<li><a href='?page_no=7030'>7030<\/a><\/li>\n\n\n\n<li><a>...<\/a><\/li>\n\n\n\n<li><a href='?page_no=36999'>36999<\/a><\/li>\n\n\n\n<li><a href='?page_no=37000'>37000<\/a><\/li>\n\n    \n\t\n\n<li >\n\t<a href='?page_no=7029'>Next<\/a>\n\t<\/li>\n\n\n    \n\n<li><a href='?page_no=37000'>Last &rsaquo;&rsaquo;<\/a><\/li>\n\n<\/ul>\n\n\n--><br \/>\n<\/body><\/p>\n","protected":false},"excerpt":{"rendered":"<p>SANTO DOMINGO, Rep. Dominicana, (Cicom). El 80% de los dominicanos considera que entre ricos y pobres no existe igualdad frente a la ley, el 60% entiende que los ciudadanos no son tomados en cuenta por las autoridades y m\u00e1s de la mitad asocia el \u00ab\u00e9xito individual\u00bb a los \u00abprivilegios\u00bb y los \u00abamarres\u00bb. Seg\u00fan los resultados [&hellip;]<\/p>\n","protected":false},"author":3,"featured_media":0,"comment_status":"open","ping_status":"open","sticky":false,"template":"","format":"standard","meta":{"footnotes":""},"categories":[22],"tags":[],"class_list":["post-171754","post","type-post","status-publish","format-standard","hentry","category-politica"],"_links":{"self":[{"href":"https:\/\/diariodominicano.com\/index.php?rest_route=\/wp\/v2\/posts\/171754","targetHints":{"allow":["GET"]}}],"collection":[{"href":"https:\/\/diariodominicano.com\/index.php?rest_route=\/wp\/v2\/posts"}],"about":[{"href":"https:\/\/diariodominicano.com\/index.php?rest_route=\/wp\/v2\/types\/post"}],"author":[{"embeddable":true,"href":"https:\/\/diariodominicano.com\/index.php?rest_route=\/wp\/v2\/users\/3"}],"replies":[{"embeddable":true,"href":"https:\/\/diariodominicano.com\/index.php?rest_route=%2Fwp%2Fv2%2Fcomments&post=171754"}],"version-history":[{"count":0,"href":"https:\/\/diariodominicano.com\/index.php?rest_route=\/wp\/v2\/posts\/171754\/revisions"}],"wp:attachment":[{"href":"https:\/\/diariodominicano.com\/index.php?rest_route=%2Fwp%2Fv2%2Fmedia&parent=171754"}],"wp:term":[{"taxonomy":"category","embeddable":true,"href":"https:\/\/diariodominicano.com\/index.php?rest_route=%2Fwp%2Fv2%2Fcategories&post=171754"},{"taxonomy":"post_tag","embeddable":true,"href":"https:\/\/diariodominicano.com\/index.php?rest_route=%2Fwp%2Fv2%2Ftags&post=171754"}],"curies":[{"name":"wp","href":"https:\/\/api.w.org\/{rel}","templated":true}]}}