{"id":171753,"date":"2017-12-05T18:24:40","date_gmt":"2017-12-05T18:24:40","guid":{"rendered":"http:\/\/diariodominicano.ddns.net\/?p=171753"},"modified":"2017-12-05T18:24:40","modified_gmt":"2017-12-05T18:24:40","slug":"nicolas-calderon-diferencia-de-criterios-no-puede-verse-como-antagonismo","status":"publish","type":"post","link":"https:\/\/diariodominicano.com\/?p=171753","title":{"rendered":"Nicol\u00e1s Calder\u00f3n: diferencia de criterios no puede verse como antagonismo"},"content":{"rendered":"<p><body><\/p>\n<p><img decoding=\"async\" src=\"img3\/calderon-nicolas01.jpg\" \/>  <\/p>\n<p><strong><span class=\"text1noticias\">SANTO DOMINGO, RD, 5 de diciembre de 2017.-<\/span><\/strong><span class=\"text1noticias\"> Nicol\u00e1s Calder\u00f3n, miembro del Comit\u00e9 Central del Partido de la Liberaci\u00f3n Dominicana (PLD), rest\u00f3 importancia a las supuestas fricciones entre el liderazgo de esa organizaci\u00f3n, al se\u00f1alar que los m\u00e1ximos representantes, Danilo Medina, presidente de la Rep\u00fablica, y Leonel Fern\u00e1ndez, Presidente pelede\u00edsta, son dos compa\u00f1eros y amigos de d\u00e9cadas.<\/span><\/p>\n<\/p>\n<p><span class=\"text1noticias\">Empero, el director de los Comedores Econ\u00f3micos del Estado, advierte que en los niveles medios pudieran estar cruz\u00e1ndose los l\u00edmites y provocar da\u00f1o, por lo que reiter\u00f3 el llamado de la direcci\u00f3n a que se mantenga el comedimiento.<\/span><\/p>\n<\/p>\n<p><span class=\"text1noticias\">\u00abNo hay un ambiente de hostilidad entre ambos, no lo hay son dos compa\u00f1eros, dos amigos con una vinculaci\u00f3n de m\u00e1s de 40 a\u00f1os, vinculaci\u00f3n directa, familiar y partidaria\u00bb, subray\u00f3 Calder\u00f3n, entrevistado en el programa Hoy Mismo y rese\u00f1ado por el PLD a trav\u00e9s de su Secretar\u00eda de Comunicaciones.<\/span><\/p>\n<\/p>\n<p><span class=\"text1noticias\">Dijo que una diferencia de criterio en un tema espec\u00edfico, no puede verse como algo insalvable ni mucho menos pronosticar fricciones: En este caso  \u00abuna diferencia en lo relativo a la Ley de Partidos, en cuanto al tema de las primarias donde uno tiene una visi\u00f3n y otro otra y al final se impondr\u00e1 la raz\u00f3n\u00bb, adujo.<\/span><\/p>\n<\/p>\n<p><span class=\"text1noticias\">En ese orden signific\u00f3 que siempre impera el criterio de que la unidad del Partido es algo que no debe ponerse en juego y que en ella radica su fortaleza. \u00abEl PLD unido ha demostrado en numerosas ocasiones que es invencible\u00bb, reiter\u00f3.<\/span><\/p>\n<\/p>\n<p><span class=\"text1noticias\">Nicol\u00e1s Calder\u00f3n inst\u00f3 a los dirigentes del PLD actuar con altura y evitar acciones que desencadenen en ruido, como ese que ha puesto de relieve el que la unidad y el consenso a lo interno del partido pudiera afectarse.<\/span><\/p>\n<\/p>\n<\/p>\n<\/p>\n<\/p>\n<h6> 2017-12-05 18:24:40 <\/h6>\n<p><!--\n<link rel=\"stylesheet\" href=\"css\/bootstrap.min.css\">\n\n\n<ul class=\"pagination\">\n\t    \n\t\n\n<li >\n\t<a href='?page_no=7026'>Previous<\/a>\n\t<\/li>\n\n\n       \n    \n\n<li><a href='?page_no=1'>1<\/a><\/li>\n\n\n\n<li><a href='?page_no=2'>2<\/a><\/li>\n\n\n\n<li><a>...<\/a><\/li>\n\n\n\n<li><a href='?page_no=7025'>7025<\/a><\/li>\n\n\n\n<li><a href='?page_no=7026'>7026<\/a><\/li>\n\n\n\n<li class='active'><a>7027<\/a><\/li>\n\n\n\n<li><a href='?page_no=7028'>7028<\/a><\/li>\n\n\n\n<li><a href='?page_no=7029'>7029<\/a><\/li>\n\n\n\n<li><a>...<\/a><\/li>\n\n\n\n<li><a href='?page_no=36999'>36999<\/a><\/li>\n\n\n\n<li><a href='?page_no=37000'>37000<\/a><\/li>\n\n    \n\t\n\n<li >\n\t<a href='?page_no=7028'>Next<\/a>\n\t<\/li>\n\n\n    \n\n<li><a href='?page_no=37000'>Last &rsaquo;&rsaquo;<\/a><\/li>\n\n<\/ul>\n\n\n--><br \/>\n<\/body><\/p>\n","protected":false},"excerpt":{"rendered":"<p>SANTO DOMINGO, RD, 5 de diciembre de 2017.- Nicol\u00e1s Calder\u00f3n, miembro del Comit\u00e9 Central del Partido de la Liberaci\u00f3n Dominicana (PLD), rest\u00f3 importancia a las supuestas fricciones entre el liderazgo de esa organizaci\u00f3n, al se\u00f1alar que los m\u00e1ximos representantes, Danilo Medina, presidente de la Rep\u00fablica, y Leonel Fern\u00e1ndez, Presidente pelede\u00edsta, son dos compa\u00f1eros y amigos [&hellip;]<\/p>\n","protected":false},"author":3,"featured_media":0,"comment_status":"open","ping_status":"open","sticky":false,"template":"","format":"standard","meta":{"footnotes":""},"categories":[22],"tags":[],"class_list":["post-171753","post","type-post","status-publish","format-standard","hentry","category-politica"],"_links":{"self":[{"href":"https:\/\/diariodominicano.com\/index.php?rest_route=\/wp\/v2\/posts\/171753","targetHints":{"allow":["GET"]}}],"collection":[{"href":"https:\/\/diariodominicano.com\/index.php?rest_route=\/wp\/v2\/posts"}],"about":[{"href":"https:\/\/diariodominicano.com\/index.php?rest_route=\/wp\/v2\/types\/post"}],"author":[{"embeddable":true,"href":"https:\/\/diariodominicano.com\/index.php?rest_route=\/wp\/v2\/users\/3"}],"replies":[{"embeddable":true,"href":"https:\/\/diariodominicano.com\/index.php?rest_route=%2Fwp%2Fv2%2Fcomments&post=171753"}],"version-history":[{"count":0,"href":"https:\/\/diariodominicano.com\/index.php?rest_route=\/wp\/v2\/posts\/171753\/revisions"}],"wp:attachment":[{"href":"https:\/\/diariodominicano.com\/index.php?rest_route=%2Fwp%2Fv2%2Fmedia&parent=171753"}],"wp:term":[{"taxonomy":"category","embeddable":true,"href":"https:\/\/diariodominicano.com\/index.php?rest_route=%2Fwp%2Fv2%2Fcategories&post=171753"},{"taxonomy":"post_tag","embeddable":true,"href":"https:\/\/diariodominicano.com\/index.php?rest_route=%2Fwp%2Fv2%2Ftags&post=171753"}],"curies":[{"name":"wp","href":"https:\/\/api.w.org\/{rel}","templated":true}]}}