{"id":171752,"date":"2017-12-06T09:42:28","date_gmt":"2017-12-06T09:42:28","guid":{"rendered":"http:\/\/diariodominicano.ddns.net\/?p=171752"},"modified":"2017-12-06T09:42:28","modified_gmt":"2017-12-06T09:42:28","slug":"subero-isa-afirma-que-hipolito-mejia-fue-el-mandatario-que-mas-respeto-la-independencia-del-poder-judicial","status":"publish","type":"post","link":"https:\/\/diariodominicano.com\/?p=171752","title":{"rendered":"Subero Isa afirma que Hip\u00f3lito Mej\u00eda fue el mandatario que m\u00e1s respet\u00f3 la independencia del Poder Judicial"},"content":{"rendered":"<p><body><\/p>\n<p><img decoding=\"async\" src=\"img3\/SuberoIsa6.jpg\" \/>  <\/p>\n<p><span class=\"text1noticias\">Santo Domingo, R. D., 6 de diciembre, 2017. &#8211; El ex presidente de la suprema Corte de Justicia, Dr. Jorge Subero Isa, resalt\u00f3 que en sus m\u00e1s de 14 a\u00f1os al frente del Poder Judicial Dominicano, el mandatario que m\u00e1s respeto dispens\u00f3 a  la independencia del poder judicial, ha sido el Ingeniero Hip\u00f3lito Mej\u00eda Dom\u00ednguez.<\/span><\/p>\n<p><span class=\"text1noticias\"> <\/span><\/p>\n<p><span class=\"text1noticias\">Subero Isa de 71 a\u00f1os, dirigi\u00f3 la Suprema Corte de Justicia durante los mandatos de Leonel Fern\u00e1ndez e Hip\u00f3lito Mej\u00eda (1997-2011) y fue la persona encargada de impulsar la primera gran ola de reformas al poder judicial, posterior a la reforma constitucional de 1994, surgida del denominado  Pacto por la Democracia, la cual estableci\u00f3 la creaci\u00f3n del Consejo Nacional de la Magistratura, la ampliaci\u00f3n del n\u00famero de jueces de la Suprema Corre de Justicia, la instauraci\u00f3n de la Carrera del Poder Judicial, la divisi\u00f3n en salas de los juzgados de Primera Instancia y la creaci\u00f3n de la Escuela Nacional de la Magistratura.<\/span><\/p>\n<p><span class=\"text1noticias\"> <\/span><\/p>\n<p><span class=\"text1noticias\">En su cuenta de twitter @jorgesuberoisa, el ex presidente de la Suprema Corte de justicia expresa: \u00abSiempre he dicho que durante su gesti\u00f3n 1996-2000, el presidente Leonel Fern\u00e1ndez fue el gran propulsor de la reforma judicial.\u00bb<\/span><\/p>\n<p><span class=\"text1noticias\"> <\/span><\/p>\n<p><span class=\"text1noticias\"> \u00abPero, tambi\u00e9n he dicho que el presidente de la Rep\u00fablica que durante mi gesti\u00f3n al frente de la SCJ, m\u00e1s respet\u00f3 la independencia del Poder Judicial fue sido Hip\u00f3lito Mej\u00eda\u00bb.<\/span><\/p>\n<p><span class=\"text1noticias\"> <\/span><\/p>\n<p><span class=\"text1noticias\">En 1997, le correspondi\u00f3 al presidente Leonel Fern\u00e1ndez en su primer mandato, conformar y convocar el Consejo Nacional de la Magistratura por primera vez. Durante ese proceso se eligieron 15 (quince) nuevos jueces de la Suprema Corte de Justicia, la cual estuvo presidida desde entonces por el honorable magistrado Dr. Jorge Subero Isa.<\/span><\/p>\n<p><span class=\"text1noticias\"> <\/span><\/p>\n<p><span class=\"text1noticias\">Se recuerda que en el a\u00f1o 2001, le correspondi\u00f3 al entonces presidente de la rep\u00fablica, Hip\u00f3lito Mej\u00eda, hacer la primera convocatoria del Consejo Nacional de la Magistratura, desde la instauraci\u00f3n de la reformada suprema corte de justicia en 1997, para sustituir jueces que ya hab\u00edan cumplido m\u00e1s de 75 a\u00f1os ?edad l\u00edmite para ejercer el cargo de juez en Poder Judicial- y otros que recientemente hab\u00edan fallecido mientras ejerc\u00edan el cargo.<\/span><\/p>\n<p><span class=\"text1noticias\"> <\/span><\/p>\n<p><span class=\"text1noticias\">Dicho convocatoria fue considerada en aquella \u00e9poca como muy oportuna y la selecci\u00f3n de jueces como muy prudente y equilibrada.<\/span><\/p>\n<p><span class=\"text1noticias\"> <\/span><\/p>\n<p><span class=\"text1noticias\">Posteriormente en el a\u00f1o 2007, se produjo un impasse entre el poder judicial y la presidencia de la rep\u00fablica, presidida por segunda vez en ese momento, por el Dr. Leonel Fern\u00e1ndez, a ra\u00edz de un recurso de inconstitucionalidad contra un pr\u00e9stamo de Sun Land Corporation, tomado de forma irregular por una agencia del Poder Ejecutivo y sin autorizaci\u00f3n del congreso como manda la constituci\u00f3n, hecho que provoc\u00f3 una profunda crisis interna en el m\u00e1ximo organismo del poder judicial y un proceso de politizaci\u00f3n de las decisiones judiciales que revirti\u00f3 todo el proceso de reformas logradas hasta ese momento.<\/span><\/p>\n<p><span class=\"text1noticias\"> <\/span><\/p>\n<p><span class=\"text1noticias\">Posteriormente y a ra\u00edz de estos hechos, durante la convocatoria del Consejo Nacional de la Magistratura correspondiente al a\u00f1o 2011, el presidente Fern\u00e1ndez Reyna en su tercer mandato, provoc\u00f3 indirectamente la salida abrupta del magistrado Subero Isa de la Presidencia de la Suprema Corte de Justicia y del Consejo del Poder Judicial, profundizando con ello la crisis de credibilidad que hoy vive la justicia dominicana.<\/span><\/p>\n<h6> 2017-12-06 09:42:28 <\/h6>\n<p><!--\n<link rel=\"stylesheet\" href=\"css\/bootstrap.min.css\">\n\n\n<ul class=\"pagination\">\n\t    \n\t\n\n<li >\n\t<a href='?page_no=7025'>Previous<\/a>\n\t<\/li>\n\n\n       \n    \n\n<li><a href='?page_no=1'>1<\/a><\/li>\n\n\n\n<li><a href='?page_no=2'>2<\/a><\/li>\n\n\n\n<li><a>...<\/a><\/li>\n\n\n\n<li><a href='?page_no=7024'>7024<\/a><\/li>\n\n\n\n<li><a href='?page_no=7025'>7025<\/a><\/li>\n\n\n\n<li class='active'><a>7026<\/a><\/li>\n\n\n\n<li><a href='?page_no=7027'>7027<\/a><\/li>\n\n\n\n<li><a href='?page_no=7028'>7028<\/a><\/li>\n\n\n\n<li><a>...<\/a><\/li>\n\n\n\n<li><a href='?page_no=36999'>36999<\/a><\/li>\n\n\n\n<li><a href='?page_no=37000'>37000<\/a><\/li>\n\n    \n\t\n\n<li >\n\t<a href='?page_no=7027'>Next<\/a>\n\t<\/li>\n\n\n    \n\n<li><a href='?page_no=37000'>Last &rsaquo;&rsaquo;<\/a><\/li>\n\n<\/ul>\n\n\n--><br \/>\n<\/body><\/p>\n","protected":false},"excerpt":{"rendered":"<p>Santo Domingo, R. D., 6 de diciembre, 2017. &#8211; El ex presidente de la suprema Corte de Justicia, Dr. Jorge Subero Isa, resalt\u00f3 que en sus m\u00e1s de 14 a\u00f1os al frente del Poder Judicial Dominicano, el mandatario que m\u00e1s respeto dispens\u00f3 a la independencia del poder judicial, ha sido el Ingeniero Hip\u00f3lito Mej\u00eda Dom\u00ednguez. [&hellip;]<\/p>\n","protected":false},"author":3,"featured_media":0,"comment_status":"open","ping_status":"open","sticky":false,"template":"","format":"standard","meta":{"footnotes":""},"categories":[22],"tags":[],"class_list":["post-171752","post","type-post","status-publish","format-standard","hentry","category-politica"],"_links":{"self":[{"href":"https:\/\/diariodominicano.com\/index.php?rest_route=\/wp\/v2\/posts\/171752","targetHints":{"allow":["GET"]}}],"collection":[{"href":"https:\/\/diariodominicano.com\/index.php?rest_route=\/wp\/v2\/posts"}],"about":[{"href":"https:\/\/diariodominicano.com\/index.php?rest_route=\/wp\/v2\/types\/post"}],"author":[{"embeddable":true,"href":"https:\/\/diariodominicano.com\/index.php?rest_route=\/wp\/v2\/users\/3"}],"replies":[{"embeddable":true,"href":"https:\/\/diariodominicano.com\/index.php?rest_route=%2Fwp%2Fv2%2Fcomments&post=171752"}],"version-history":[{"count":0,"href":"https:\/\/diariodominicano.com\/index.php?rest_route=\/wp\/v2\/posts\/171752\/revisions"}],"wp:attachment":[{"href":"https:\/\/diariodominicano.com\/index.php?rest_route=%2Fwp%2Fv2%2Fmedia&parent=171752"}],"wp:term":[{"taxonomy":"category","embeddable":true,"href":"https:\/\/diariodominicano.com\/index.php?rest_route=%2Fwp%2Fv2%2Fcategories&post=171752"},{"taxonomy":"post_tag","embeddable":true,"href":"https:\/\/diariodominicano.com\/index.php?rest_route=%2Fwp%2Fv2%2Ftags&post=171752"}],"curies":[{"name":"wp","href":"https:\/\/api.w.org\/{rel}","templated":true}]}}