{"id":171751,"date":"2017-12-06T10:22:44","date_gmt":"2017-12-06T10:22:44","guid":{"rendered":"http:\/\/diariodominicano.ddns.net\/?p=171751"},"modified":"2017-12-06T10:22:44","modified_gmt":"2017-12-06T10:22:44","slug":"descarta-juicio-politico-a-danilo","status":"publish","type":"post","link":"https:\/\/diariodominicano.com\/?p=171751","title":{"rendered":"Descarta juicio pol\u00edtico a Danilo"},"content":{"rendered":"<p><body><\/p>\n<p><img decoding=\"async\" src=\"img3\/Reinaldo6.JPG\" \/>  <\/p>\n<p><span class=\"text1noticias\">Santo Domingo, R. D., 6 de diciembre, 2017.- Reinaldo Pared P\u00e9rez, secretario general del Partido de la Liberaci\u00f3n Dominicana (PLD) al calificar como serias y sensatas las actuaciones del Presidente de la Republica, Danilo Medina, descart\u00f3 de plano un juicio pol\u00edtico a su persona, como de manera alegre lo propuso un grupo de dirigentes pol\u00edticos opositores al gobierno.<\/span><\/p>\n<p><span class=\"text1noticias\"> <\/span><\/p>\n<p><span class=\"text1noticias\">\u00abDanilo Medina es un hombre serio como persona privada y como funcionario p\u00fablico. No existen razones para enjuiciar pol\u00edticamente al Presidente de la Rep\u00fablica. No creo que haya cometido hechos que ameriten ser enjuiciado\u00bb, respondi\u00f3 Pared P\u00e9rez a los periodistas.<\/span><\/p>\n<p><span class=\"text1noticias\"> <\/span><\/p>\n<p><span class=\"text1noticias\">Al referirse a las acusaciones de que supuestamente los \u00absobrecitos\u00bb han circulado en el Senado de la Rep\u00fablica, Pared P\u00e9rez explic\u00f3 que en momentos en donde afloran contradicciones de criterios la pasi\u00f3n tiende a predominar en muchas personas.<\/span><\/p>\n<p><span class=\"text1noticias\"> <\/span><\/p>\n<p><span class=\"text1noticias\">En lo que respecta a la bancada del PLD en el Senado revel\u00f3 que el vocero de esa organizaci\u00f3n en la C\u00e1mara Alta, Rub\u00e9n Dar\u00edo Cruz, le revel\u00f3 que en la sesi\u00f3n de este mi\u00e9rcoles, agotar\u00e1 un turno previo para responder a dichas acusaciones<\/span><\/p>\n<p><span class=\"text1noticias\"> <\/span><\/p>\n<p><span class=\"text1noticias\">Dijo que con relaci\u00f3n a este caso lo m\u00e1s prudente y sensato es dar cumplimiento a la decisi\u00f3n adoptada por el Comit\u00e9 Pol\u00edtico del PLD de consultar a expertos en derecho constitucional sobre si la inclusi\u00f3n en el proyecto de Ley de Partidos la celebraci\u00f3n de primarias simultaneas usando el padr\u00f3n de la Junta Central Electoral, chocar\u00eda o no con la Carta Magna.<\/span><\/p>\n<p><span class=\"text1noticias\"> <\/span><\/p>\n<p><span class=\"text1noticias\">Reiter\u00f3 que est\u00e1 pendiente una reuni\u00f3n del Comit\u00e9 Pol\u00edticos as\u00ed como la consulta a los juristas sobre si es o no constitucional la celebraci\u00f3n de primarias con el padr\u00f3n de la JCE.<\/span><\/p>\n<p><span class=\"text1noticias\"> <\/span><\/p>\n<p><span class=\"text1noticias\">\u00abAmbas cosas est\u00e1n pendientes, En las cosas  importantes y trascendentes, la celeridad no es buena consejera, se deben hacer a su debido tiempo\u00bb, coment\u00f3, tal y como se rese\u00f1a en un despacho de la Secretar\u00eda de Comunicaciones del PLD. <\/span><\/p>\n<p><span class=\"text1noticias\"> <\/span><\/p>\n<p><span class=\"text1noticias\">Descart\u00f3  que el debate sobre el contenido del proyecto de Ley de Partidos se salga de la mano al PLD, destacando la madurez que impera en el liderazgo de esa organizaci\u00f3n: \u00abLa direcci\u00f3n del PLD es madura, sensata y sobre todo muy experimentada\u00bb, dijo.<\/span><\/p>\n<p><span class=\"text1noticias\"> <\/span><\/p>\n<p><span class=\"text1noticias\">Sobre la opini\u00f3n vertida por el ex Presidente Leonel Fern\u00e1ndez de que las primarias en los partidos con el padr\u00f3n de la JCE ser\u00eda inconstitucional, Pared P\u00e9rez dijo   que \u00abcada quien tiene su derecho, en democracia, a fijar su posici\u00f3n\u00bb.<\/span><\/p>\n<p><span class=\"text1noticias\"> <\/span><\/p>\n<p><span class=\"text1noticias\">Fuente:  SECRETARIA DE COMUNICACIONES<\/span><\/p>\n<p><span class=\"text1noticias\">6 DE DI<\/span>CIEMBRE, 2017<\/p>\n<\/p>\n<h6> 2017-12-06 10:22:44 <\/h6>\n<p><!--\n<link rel=\"stylesheet\" href=\"css\/bootstrap.min.css\">\n\n\n<ul class=\"pagination\">\n\t    \n\t\n\n<li >\n\t<a href='?page_no=7024'>Previous<\/a>\n\t<\/li>\n\n\n       \n    \n\n<li><a href='?page_no=1'>1<\/a><\/li>\n\n\n\n<li><a href='?page_no=2'>2<\/a><\/li>\n\n\n\n<li><a>...<\/a><\/li>\n\n\n\n<li><a href='?page_no=7023'>7023<\/a><\/li>\n\n\n\n<li><a href='?page_no=7024'>7024<\/a><\/li>\n\n\n\n<li class='active'><a>7025<\/a><\/li>\n\n\n\n<li><a href='?page_no=7026'>7026<\/a><\/li>\n\n\n\n<li><a href='?page_no=7027'>7027<\/a><\/li>\n\n\n\n<li><a>...<\/a><\/li>\n\n\n\n<li><a href='?page_no=36999'>36999<\/a><\/li>\n\n\n\n<li><a href='?page_no=37000'>37000<\/a><\/li>\n\n    \n\t\n\n<li >\n\t<a href='?page_no=7026'>Next<\/a>\n\t<\/li>\n\n\n    \n\n<li><a href='?page_no=37000'>Last &rsaquo;&rsaquo;<\/a><\/li>\n\n<\/ul>\n\n\n--><br \/>\n<\/body><\/p>\n","protected":false},"excerpt":{"rendered":"<p>Santo Domingo, R. D., 6 de diciembre, 2017.- Reinaldo Pared P\u00e9rez, secretario general del Partido de la Liberaci\u00f3n Dominicana (PLD) al calificar como serias y sensatas las actuaciones del Presidente de la Republica, Danilo Medina, descart\u00f3 de plano un juicio pol\u00edtico a su persona, como de manera alegre lo propuso un grupo de dirigentes pol\u00edticos [&hellip;]<\/p>\n","protected":false},"author":3,"featured_media":0,"comment_status":"open","ping_status":"open","sticky":false,"template":"","format":"standard","meta":{"footnotes":""},"categories":[22],"tags":[],"class_list":["post-171751","post","type-post","status-publish","format-standard","hentry","category-politica"],"_links":{"self":[{"href":"https:\/\/diariodominicano.com\/index.php?rest_route=\/wp\/v2\/posts\/171751","targetHints":{"allow":["GET"]}}],"collection":[{"href":"https:\/\/diariodominicano.com\/index.php?rest_route=\/wp\/v2\/posts"}],"about":[{"href":"https:\/\/diariodominicano.com\/index.php?rest_route=\/wp\/v2\/types\/post"}],"author":[{"embeddable":true,"href":"https:\/\/diariodominicano.com\/index.php?rest_route=\/wp\/v2\/users\/3"}],"replies":[{"embeddable":true,"href":"https:\/\/diariodominicano.com\/index.php?rest_route=%2Fwp%2Fv2%2Fcomments&post=171751"}],"version-history":[{"count":0,"href":"https:\/\/diariodominicano.com\/index.php?rest_route=\/wp\/v2\/posts\/171751\/revisions"}],"wp:attachment":[{"href":"https:\/\/diariodominicano.com\/index.php?rest_route=%2Fwp%2Fv2%2Fmedia&parent=171751"}],"wp:term":[{"taxonomy":"category","embeddable":true,"href":"https:\/\/diariodominicano.com\/index.php?rest_route=%2Fwp%2Fv2%2Fcategories&post=171751"},{"taxonomy":"post_tag","embeddable":true,"href":"https:\/\/diariodominicano.com\/index.php?rest_route=%2Fwp%2Fv2%2Ftags&post=171751"}],"curies":[{"name":"wp","href":"https:\/\/api.w.org\/{rel}","templated":true}]}}