{"id":171749,"date":"2017-12-06T20:04:11","date_gmt":"2017-12-06T20:04:11","guid":{"rendered":"http:\/\/diariodominicano.ddns.net\/?p=171749"},"modified":"2017-12-06T20:04:11","modified_gmt":"2017-12-06T20:04:11","slug":"dilma-llama-a-defender-a-lula-en-todas-las-plazas-de-brasil","status":"publish","type":"post","link":"https:\/\/diariodominicano.com\/?p=171749","title":{"rendered":"Dilma llama a defender a Lula en todas las plazas de Brasil"},"content":{"rendered":"<p><body><\/p>\n<p><strong>Brasilia, 6 dic (PL)<\/strong> La depuesta presidenta constitucional de Brasil, Dilma Rousseff, llam\u00f3 hoy en Maric\u00e1 a defender en todas las plazas del pa\u00eds al ex dignatario Luiz In\u00e1cio Lula da Silva, quien sufre una tenaz persecuci\u00f3n pol\u00edtica, dijo.<\/p>\n<\/p>\n<p>&#8216;Vamos a defender a Lula e impedir que la tercera fase del golpe se materialice&#8217;, afirm\u00f3 Rousseff al intervenir en un acto en esa localidad del Estado de R\u00edo de Janeiro, por donde transita en su tercera etapa la caravana Lula por Brasil, un proyecto impulsado por el Partido de los Trabajadores (PT) y la Fundaci\u00f3n Perseu Abramo.<\/p>\n<\/p>\n<p>En su discurso, la ex jefa de Estado subray\u00f3 que cada vez queda m\u00e1s claro que en Brasil se produjo el pasado a\u00f1o un golpe de Estado bajo la forma de un impeachment fraudulento.<\/p>\n<\/p>\n<p>Mas, el golpe no es solo un acto, se\u00f1al\u00f3 antes de explicar que una vez consumada su separaci\u00f3n del cargo se inici\u00f3 una segunda fase &#8216;tan mala como la primera&#8217; y consistente en retirar a la ciudadan\u00eda los derechos conquistados, &#8216;transformando todas las pol\u00edticas sociales en nada&#8217;, y vendiendo las riquezas del pa\u00eds al menor precio.<\/p>\n<\/p>\n<p>La tercera fase de ese golpe, alert\u00f3, es intentar sacar a Lula del proceso electoral de 2018 mediantes acusaciones y procesos judiciales sustentados en mentiras, lo cual tiene un nombre: persecuci\u00f3n pol\u00edtica, subray\u00f3.<\/p>\n<\/p>\n<p>Por su parte, el fundador del PT admiti\u00f3 estar indignado con la situaci\u00f3n por la que atraviesa el pa\u00eds y se refiri\u00f3 en particular al caso de R\u00edo de Janeiro, se\u00f1alando que nunca lo vio &#8216;tan pobre, infeliz y entristecido&#8217;.<\/p>\n<\/p>\n<p>Lula critic\u00f3 las consecuencias que para la industria nacional ha tenido la operaci\u00f3n anticorrupci\u00f3n Lava Jato e insisti\u00f3 en la necesidad de que castiguen a los ladrones y corruptos, pero no a las empresas, porque eso solo perjudica a los trabajadores.<\/p>\n<\/p>\n<p>Lanz\u00f3 adem\u00e1s un desaf\u00edo al juez Sergio Moro, quien maneja los hilos de esa operaci\u00f3n; a la Polic\u00eda Federal y al Ministerio P\u00fablico a demostrar que tiene un solo real mal habido, y reiter\u00f3 su intenci\u00f3n de competir en las elecciones presidenciales de octubre de 2018.<\/p>\n<\/p>\n<p>Todo lo que yo quiero en la vida es enfrentar (en las urnas) a un candidato con el logotipo de la Globo en la frente, dijo antes de advertir que &#8216;si quieren derrotarme van a tener que luchar duro&#8217;.<\/p>\n<\/p>\n<p>La tercera etapa de la caravana Lula por Brasil comenz\u00f3 este lunes en la ciudad de Victoria, en Esp\u00edritu Santo, y culminar\u00e1 el pr\u00f3ximo d\u00eda 8 en la capital carioca.<\/p>\n<\/p>\n<p>agp\/mpm<\/p>\n<h6> 2017-12-06 20:04:11 <\/h6>\n<p><!--\n<link rel=\"stylesheet\" href=\"css\/bootstrap.min.css\">\n\n\n<ul class=\"pagination\">\n\t    \n\t\n\n<li >\n\t<a href='?page_no=7022'>Previous<\/a>\n\t<\/li>\n\n\n       \n    \n\n<li><a href='?page_no=1'>1<\/a><\/li>\n\n\n\n<li><a href='?page_no=2'>2<\/a><\/li>\n\n\n\n<li><a>...<\/a><\/li>\n\n\n\n<li><a href='?page_no=7021'>7021<\/a><\/li>\n\n\n\n<li><a href='?page_no=7022'>7022<\/a><\/li>\n\n\n\n<li class='active'><a>7023<\/a><\/li>\n\n\n\n<li><a href='?page_no=7024'>7024<\/a><\/li>\n\n\n\n<li><a href='?page_no=7025'>7025<\/a><\/li>\n\n\n\n<li><a>...<\/a><\/li>\n\n\n\n<li><a href='?page_no=36999'>36999<\/a><\/li>\n\n\n\n<li><a href='?page_no=37000'>37000<\/a><\/li>\n\n    \n\t\n\n<li >\n\t<a href='?page_no=7024'>Next<\/a>\n\t<\/li>\n\n\n    \n\n<li><a href='?page_no=37000'>Last &rsaquo;&rsaquo;<\/a><\/li>\n\n<\/ul>\n\n\n--><br \/>\n<\/body><\/p>\n","protected":false},"excerpt":{"rendered":"<p>Brasilia, 6 dic (PL) La depuesta presidenta constitucional de Brasil, Dilma Rousseff, llam\u00f3 hoy en Maric\u00e1 a defender en todas las plazas del pa\u00eds al ex dignatario Luiz In\u00e1cio Lula da Silva, quien sufre una tenaz persecuci\u00f3n pol\u00edtica, dijo. &#8216;Vamos a defender a Lula e impedir que la tercera fase del golpe se materialice&#8217;, afirm\u00f3 [&hellip;]<\/p>\n","protected":false},"author":3,"featured_media":0,"comment_status":"open","ping_status":"open","sticky":false,"template":"","format":"standard","meta":{"footnotes":""},"categories":[22],"tags":[],"class_list":["post-171749","post","type-post","status-publish","format-standard","hentry","category-politica"],"_links":{"self":[{"href":"https:\/\/diariodominicano.com\/index.php?rest_route=\/wp\/v2\/posts\/171749","targetHints":{"allow":["GET"]}}],"collection":[{"href":"https:\/\/diariodominicano.com\/index.php?rest_route=\/wp\/v2\/posts"}],"about":[{"href":"https:\/\/diariodominicano.com\/index.php?rest_route=\/wp\/v2\/types\/post"}],"author":[{"embeddable":true,"href":"https:\/\/diariodominicano.com\/index.php?rest_route=\/wp\/v2\/users\/3"}],"replies":[{"embeddable":true,"href":"https:\/\/diariodominicano.com\/index.php?rest_route=%2Fwp%2Fv2%2Fcomments&post=171749"}],"version-history":[{"count":0,"href":"https:\/\/diariodominicano.com\/index.php?rest_route=\/wp\/v2\/posts\/171749\/revisions"}],"wp:attachment":[{"href":"https:\/\/diariodominicano.com\/index.php?rest_route=%2Fwp%2Fv2%2Fmedia&parent=171749"}],"wp:term":[{"taxonomy":"category","embeddable":true,"href":"https:\/\/diariodominicano.com\/index.php?rest_route=%2Fwp%2Fv2%2Fcategories&post=171749"},{"taxonomy":"post_tag","embeddable":true,"href":"https:\/\/diariodominicano.com\/index.php?rest_route=%2Fwp%2Fv2%2Ftags&post=171749"}],"curies":[{"name":"wp","href":"https:\/\/api.w.org\/{rel}","templated":true}]}}