{"id":171747,"date":"2017-12-07T12:24:12","date_gmt":"2017-12-07T12:24:12","guid":{"rendered":"http:\/\/diariodominicano.ddns.net\/?p=171747"},"modified":"2017-12-07T12:24:12","modified_gmt":"2017-12-07T12:24:12","slug":"juristas-y-politologos-analizaran-la-pertinencia-constitucional-legal-y-politica-de-las-primarias","status":"publish","type":"post","link":"https:\/\/diariodominicano.com\/?p=171747","title":{"rendered":"Juristas y polit\u00f3logos analizar\u00e1n la pertinencia constitucional, legal y pol\u00edtica de las primarias"},"content":{"rendered":"<p><body><\/p>\n<p><img decoding=\"async\" src=\"img3\/juristas.jpg\" \/>  <\/p>\n<p><strong>SANTO DOMINGO, RD, 7 diciembre del 2017.- <\/strong>La Fundaci\u00f3n Justicia y Transparencia (FJT), celebrara el pr\u00f3ximo martes 12 de diciembre, a las 6 de la tarde, en la sala de conferencia de la entidad, un panel de expertos sobre el contexto legal, constitucional y pol\u00edtico de las primarias abiertas y cerradas, de cara al proceso de discusi\u00f3n y consenso de la reforma electoral en la Rep\u00fablica Dominicana.<\/p>\n<\/p>\n<p>En la actividad se abordar\u00e1n la experiencia comparada sobre la materia en otros pa\u00edses, el alcance y efectos del art\u00edculo 277 de la constituci\u00f3n y la decisi\u00f3n de la Suprema Corte de Justicia, que declar\u00f3 la nulidad de la Ley 286-04, que establec\u00eda el sistema de elecciones primarias simult\u00e1neas con voto universal, directo y secreto, el derecho a elegir y ser elegible, las diferencias entre primarias y procesos internos de los partidos pol\u00edticos, la libertad de asociaci\u00f3n, el rol de los partidos pol\u00edticos como \u00f3rganos constitucionales y su democracia interna de conformidad con el art\u00edculo 216 de la constituci\u00f3n, la democracia directa o participativa en consonancia con el Estado Social y Democr\u00e1tico de Derecho, la pugna entre grupos pol\u00edticos  a lo interno del PLD, los efectos la discusi\u00f3n en el sistema de partidos pol\u00edticos; entre otros temas y consideraciones.<\/p>\n<\/p>\n<p>Trajano Potentini, presidente de la FJT, explic\u00f3 que el evento tendr\u00e1 como objetivo el contribuir y arrojar luz, en un tema que ha devenido en espinoso y complejo, con ribetes no solamente jur\u00eddicos, sino tambi\u00e9n con marcadas diferencias en el plano pol\u00edtico, sobre todo a lo interno del Partido de la Liberaci\u00f3n Dominicana (PLD), pudiendo el mismo convertirse en una especie de Caballo de Troya que retardar\u00eda y har\u00eda inviable la reforma electoral.<\/p>\n<\/p>\n<p>De acuerdo con Potentini resultar\u00eda muy beneficioso para la democracia, una reflexi\u00f3n profunda de la clase pol\u00edtica dominicana, en aras de viabilizar el dise\u00f1o y modelo constitucional, que zanje la diferencias y de paso garantice la participaci\u00f3n directa y democr\u00e1tica de ciudadanos y ciudadanas en los procesos pol\u00edticos, dejando de un lado los trajes a la medida y los intereses coyunturales de grupos y tendencias.<\/p>\n<\/p>\n<p>La actividad ser\u00e1 abierta al p\u00fablico y contar\u00e1 con la participaci\u00f3n de un selecto grupo de juristas constitucionalistas y polit\u00f3logos, expertos en las respetivas materias, en el referido evento Jos\u00e9 Alejandro Ayuso, Julio Cury, Freddy \u00c1ngel Castro y Daniel Pou, abordaran la tem\u00e1tica desde diferentes \u00e1ngulos y variables.<\/p>\n<\/p>\n<p>El panel ser\u00e1 transmitido en vivo por las redes sociales, fundamentalmente a trav\u00e9s de Facebook Live, desde la plataforma de elveedordigital.com, la cual cuenta con m\u00e1s de 500 mil seguidores, desde donde tambi\u00e9n se responder\u00e1n preguntas e inquietudes de los cibernautas.<\/p>\n<h6> 2017-12-07 12:24:12 <\/h6>\n<p><!--\n<link rel=\"stylesheet\" href=\"css\/bootstrap.min.css\">\n\n\n<ul class=\"pagination\">\n\t    \n\t\n\n<li >\n\t<a href='?page_no=7020'>Previous<\/a>\n\t<\/li>\n\n\n       \n    \n\n<li><a href='?page_no=1'>1<\/a><\/li>\n\n\n\n<li><a href='?page_no=2'>2<\/a><\/li>\n\n\n\n<li><a>...<\/a><\/li>\n\n\n\n<li><a href='?page_no=7019'>7019<\/a><\/li>\n\n\n\n<li><a href='?page_no=7020'>7020<\/a><\/li>\n\n\n\n<li class='active'><a>7021<\/a><\/li>\n\n\n\n<li><a href='?page_no=7022'>7022<\/a><\/li>\n\n\n\n<li><a href='?page_no=7023'>7023<\/a><\/li>\n\n\n\n<li><a>...<\/a><\/li>\n\n\n\n<li><a href='?page_no=36999'>36999<\/a><\/li>\n\n\n\n<li><a href='?page_no=37000'>37000<\/a><\/li>\n\n    \n\t\n\n<li >\n\t<a href='?page_no=7022'>Next<\/a>\n\t<\/li>\n\n\n    \n\n<li><a href='?page_no=37000'>Last &rsaquo;&rsaquo;<\/a><\/li>\n\n<\/ul>\n\n\n--><br \/>\n<\/body><\/p>\n","protected":false},"excerpt":{"rendered":"<p>SANTO DOMINGO, RD, 7 diciembre del 2017.- La Fundaci\u00f3n Justicia y Transparencia (FJT), celebrara el pr\u00f3ximo martes 12 de diciembre, a las 6 de la tarde, en la sala de conferencia de la entidad, un panel de expertos sobre el contexto legal, constitucional y pol\u00edtico de las primarias abiertas y cerradas, de cara al proceso [&hellip;]<\/p>\n","protected":false},"author":3,"featured_media":0,"comment_status":"open","ping_status":"open","sticky":false,"template":"","format":"standard","meta":{"footnotes":""},"categories":[22],"tags":[],"class_list":["post-171747","post","type-post","status-publish","format-standard","hentry","category-politica"],"_links":{"self":[{"href":"https:\/\/diariodominicano.com\/index.php?rest_route=\/wp\/v2\/posts\/171747","targetHints":{"allow":["GET"]}}],"collection":[{"href":"https:\/\/diariodominicano.com\/index.php?rest_route=\/wp\/v2\/posts"}],"about":[{"href":"https:\/\/diariodominicano.com\/index.php?rest_route=\/wp\/v2\/types\/post"}],"author":[{"embeddable":true,"href":"https:\/\/diariodominicano.com\/index.php?rest_route=\/wp\/v2\/users\/3"}],"replies":[{"embeddable":true,"href":"https:\/\/diariodominicano.com\/index.php?rest_route=%2Fwp%2Fv2%2Fcomments&post=171747"}],"version-history":[{"count":0,"href":"https:\/\/diariodominicano.com\/index.php?rest_route=\/wp\/v2\/posts\/171747\/revisions"}],"wp:attachment":[{"href":"https:\/\/diariodominicano.com\/index.php?rest_route=%2Fwp%2Fv2%2Fmedia&parent=171747"}],"wp:term":[{"taxonomy":"category","embeddable":true,"href":"https:\/\/diariodominicano.com\/index.php?rest_route=%2Fwp%2Fv2%2Fcategories&post=171747"},{"taxonomy":"post_tag","embeddable":true,"href":"https:\/\/diariodominicano.com\/index.php?rest_route=%2Fwp%2Fv2%2Ftags&post=171747"}],"curies":[{"name":"wp","href":"https:\/\/api.w.org\/{rel}","templated":true}]}}