{"id":171744,"date":"2017-12-07T12:41:52","date_gmt":"2017-12-07T12:41:52","guid":{"rendered":"http:\/\/diariodominicano.ddns.net\/?p=171744"},"modified":"2017-12-07T12:41:52","modified_gmt":"2017-12-07T12:41:52","slug":"movimiento-fundadores-del-pld-llaman-a-un-reencuentro-de-ldirigentes-y-militantes","status":"publish","type":"post","link":"https:\/\/diariodominicano.com\/?p=171744","title":{"rendered":"Movimiento Fundadores del PLD  llaman a un reencuentro de ldirigentes y militantes"},"content":{"rendered":"<p><body><\/p>\n<p><img decoding=\"async\" src=\"img3\/llama.jpg\" \/>  <\/p>\n<p>SANTO DOMINGO, RD, 7 de diciembre de 2017,- El Equipo de Miembros Fundadores del Partido de la Liberaci\u00f3n Dominicana (EMIFD) considera como propicia la llegada de la temporada navide\u00f1a y la celebraci\u00f3n del 44 aniversario de la fundaci\u00f3n del PLD para un reencuentro de la familia pelede\u00edsta donde se estrechen los lazos de unidad y solidaridad.<\/p>\n<\/p>\n<p>El coordinador del movimiento, Antonio M\u00e9ndez, entiende que la ocasi\u00f3n es oportuna para que se mejoren las relaciones partido-gobierno encabezada por los dos grandes dirigentes  Leonel Fern\u00e1ndez, presidente del Partido de la Liberaci\u00f3n Dominicana y Danilo Medina presidente de la Rep\u00fablica.<\/p>\n<\/p>\n<p>En documento divulgado por la  Secretar\u00eda de Comunicaciones del PLD, en una declaraci\u00f3n p\u00fablica del equipo  M\u00e9ndez expresa que la unidad del Partido es imprescindible  para que el PLD pueda continuar en el poder y el pa\u00eds contin\u00fae por un sendero de progreso y desarrollo.<\/p>\n<\/p>\n<p>\u00abEs propicia la ocasi\u00f3n por el 44 aniversario de nuestro partido fundado el 15 de diciembre de 1973, por nuestro l\u00edder hist\u00f3rico  y gu\u00eda,  profesor Juan Bosch,  para afianzar la democracia de nuestro pa\u00eds que tantas luchas y sacrificios le ha costado.<\/p>\n<\/p>\n<p>Asimismo, hacen un llamado a todos los pelede\u00edstas  para que asistan a  los actos que se organicen para la  la celebraci\u00f3n del 44 aniversario de la fundaci\u00f3n del Partido de la Liberaci\u00f3n Dominicana, as\u00ed como visitar el mausoleo  donde descansan los restos de Juan Bosch en el Cementerio Ornamental de La Vega.<\/p>\n<\/p>\n<p>El documento del EMIFD adem\u00e1s de Antonio M\u00e9ndez, est\u00e1 firmado por Gregoria Rosario, subcoordinadora; Eduardo Payamps, secretario de organizaci\u00f3n; Sada Margarita Berroa, encargada de Asunto de Mujeres; Carlos Linares, encargado de Acta y Correspondencia;  Lu\u00eds Garc\u00eda de Relaciones P\u00fablicas y Fernando Rosario, miembro.<\/p>\n<h6> 2017-12-07 12:41:52 <\/h6>\n<p><!--\n<link rel=\"stylesheet\" href=\"css\/bootstrap.min.css\">\n\n\n<ul class=\"pagination\">\n\t    \n\t\n\n<li >\n\t<a href='?page_no=7018'>Previous<\/a>\n\t<\/li>\n\n\n       \n    \n\n<li><a href='?page_no=1'>1<\/a><\/li>\n\n\n\n<li><a href='?page_no=2'>2<\/a><\/li>\n\n\n\n<li><a>...<\/a><\/li>\n\n\n\n<li><a href='?page_no=7017'>7017<\/a><\/li>\n\n\n\n<li><a href='?page_no=7018'>7018<\/a><\/li>\n\n\n\n<li class='active'><a>7019<\/a><\/li>\n\n\n\n<li><a href='?page_no=7020'>7020<\/a><\/li>\n\n\n\n<li><a href='?page_no=7021'>7021<\/a><\/li>\n\n\n\n<li><a>...<\/a><\/li>\n\n\n\n<li><a href='?page_no=36999'>36999<\/a><\/li>\n\n\n\n<li><a href='?page_no=37000'>37000<\/a><\/li>\n\n    \n\t\n\n<li >\n\t<a href='?page_no=7020'>Next<\/a>\n\t<\/li>\n\n\n    \n\n<li><a href='?page_no=37000'>Last &rsaquo;&rsaquo;<\/a><\/li>\n\n<\/ul>\n\n\n--><br \/>\n<\/body><\/p>\n","protected":false},"excerpt":{"rendered":"<p>SANTO DOMINGO, RD, 7 de diciembre de 2017,- El Equipo de Miembros Fundadores del Partido de la Liberaci\u00f3n Dominicana (EMIFD) considera como propicia la llegada de la temporada navide\u00f1a y la celebraci\u00f3n del 44 aniversario de la fundaci\u00f3n del PLD para un reencuentro de la familia pelede\u00edsta donde se estrechen los lazos de unidad y [&hellip;]<\/p>\n","protected":false},"author":3,"featured_media":0,"comment_status":"open","ping_status":"open","sticky":false,"template":"","format":"standard","meta":{"footnotes":""},"categories":[22],"tags":[],"class_list":["post-171744","post","type-post","status-publish","format-standard","hentry","category-politica"],"_links":{"self":[{"href":"https:\/\/diariodominicano.com\/index.php?rest_route=\/wp\/v2\/posts\/171744","targetHints":{"allow":["GET"]}}],"collection":[{"href":"https:\/\/diariodominicano.com\/index.php?rest_route=\/wp\/v2\/posts"}],"about":[{"href":"https:\/\/diariodominicano.com\/index.php?rest_route=\/wp\/v2\/types\/post"}],"author":[{"embeddable":true,"href":"https:\/\/diariodominicano.com\/index.php?rest_route=\/wp\/v2\/users\/3"}],"replies":[{"embeddable":true,"href":"https:\/\/diariodominicano.com\/index.php?rest_route=%2Fwp%2Fv2%2Fcomments&post=171744"}],"version-history":[{"count":0,"href":"https:\/\/diariodominicano.com\/index.php?rest_route=\/wp\/v2\/posts\/171744\/revisions"}],"wp:attachment":[{"href":"https:\/\/diariodominicano.com\/index.php?rest_route=%2Fwp%2Fv2%2Fmedia&parent=171744"}],"wp:term":[{"taxonomy":"category","embeddable":true,"href":"https:\/\/diariodominicano.com\/index.php?rest_route=%2Fwp%2Fv2%2Fcategories&post=171744"},{"taxonomy":"post_tag","embeddable":true,"href":"https:\/\/diariodominicano.com\/index.php?rest_route=%2Fwp%2Fv2%2Ftags&post=171744"}],"curies":[{"name":"wp","href":"https:\/\/api.w.org\/{rel}","templated":true}]}}