{"id":171743,"date":"2017-12-07T12:43:29","date_gmt":"2017-12-07T12:43:29","guid":{"rendered":"http:\/\/diariodominicano.ddns.net\/?p=171743"},"modified":"2017-12-07T12:43:29","modified_gmt":"2017-12-07T12:43:29","slug":"vocero-de-senadores-del-pld-niega-que-se-repartieran-sobrecitos-en-ese-hemiciclo","status":"publish","type":"post","link":"https:\/\/diariodominicano.com\/?p=171743","title":{"rendered":"Vocero de senadores del PLD niega que se repartieran \u00absobrecitos\u00bb en ese hemiciclo"},"content":{"rendered":"<p><body><\/p>\n<p>El vocero del Bloque de Senadores del Partido de la Liberaci\u00f3n Dominicana (PLD), Rub\u00e9n Dar\u00edo Cruz hizo un llamado a la reflexi\u00f3n y comedimiento a sus compa\u00f1eros de Partido, a prop\u00f3sito de la cercan\u00eda del 44 aniversario y respondiendo alusiones en contra de los congresistas de ese partido en la C\u00e1mara Alta<\/p>\n<\/p>\n<p>Calific\u00f3 de  mentira, la denuncia hecha por diputados de que los senadores que est\u00e1n de acuerdo con las primarias \u00abhabr\u00edan recibido sobrecitos\u00bb.<\/p>\n<\/p>\n<p>\u00abLos primeros que saben que eso es una vulgar mentira son ellos\u00bb, reiter\u00f3 Rub\u00e9n Cruz Ubiera, quien aprovech\u00f3 la ocasi\u00f3n para aclarar que la unidad del PLD, no est\u00e1 en juego.<\/p>\n<\/p>\n<p>En un turno previo en la sesi\u00f3n del Senado de la Republica el Senador por Hato Mayor destac\u00f3 que el \u00e1rbitro del PLD es el Comit\u00e9 Pol\u00edtico, organismo facultado para dar seguimiento a los temas pol\u00edticos del pa\u00eds.<\/p>\n<\/p>\n<p>\u00abLamento disentir de este titular de que el PLD se queda sin \u00e1rbitro, quiero disentir de ese titular, eso no es verdad, los \u00e1rbitros en el PLD, ni son el presidente de la Republica, ni es Leonel Fern\u00e1ndez ni el secretario general, es su Comit\u00e9 Pol\u00edtico, su 35 miembros hombres y hombres con trayectoria y responsable de todas las victorias del PLD\u00bb, sostuvo.<\/p>\n<\/p>\n<p>Al llamar a la reflexi\u00f3n, comedimiento, prudencia, y  respeto a la memoria hist\u00f3rica de Juan Bosch, destac\u00f3 que \u00abno es f\u00e1cil construir una imagen y lograr el respeto en la sociedad, por eso hizo un llamado a los actores de la pol\u00edtica nacional, para cuando denuncien piensen en las familias, hijos esposas y el arraigo en la sociedad.<\/p>\n<\/p>\n<p>\u00abNo hay algo tan bueno que no tenga algo malo como la apertura del PLD, de las cosas buenas, muchas de la sociedad simpatiz\u00f3 con el PLD, por su organizaci\u00f3n m\u00e9todo, disciplina hacia la sociedad y el respeto interno y eso ha sido una simbolog\u00eda en el partido\u00bb, record\u00f3 el vocero peledeista.<\/p>\n<\/p>\n<p>Cuanto ha cambiado este senado a partir del a\u00f1o 2006, citando dos temas: establecimiento de una cuenta institucional para las oficinas de los senadores, para borrar el \u00abbarrilito\u00bb, y salida a contratos que ten\u00edan a\u00f1os durmiendo el sue\u00f1o eterno m\u00e1s de 7 mil contratos, y la transparencia.<\/p>\n<h6> 2017-12-07 12:43:29 <\/h6>\n<p><!--\n<link rel=\"stylesheet\" href=\"css\/bootstrap.min.css\">\n\n\n<ul class=\"pagination\">\n\t    \n\t\n\n<li >\n\t<a href='?page_no=7017'>Previous<\/a>\n\t<\/li>\n\n\n       \n    \n\n<li><a href='?page_no=1'>1<\/a><\/li>\n\n\n\n<li><a href='?page_no=2'>2<\/a><\/li>\n\n\n\n<li><a>...<\/a><\/li>\n\n\n\n<li><a href='?page_no=7016'>7016<\/a><\/li>\n\n\n\n<li><a href='?page_no=7017'>7017<\/a><\/li>\n\n\n\n<li class='active'><a>7018<\/a><\/li>\n\n\n\n<li><a href='?page_no=7019'>7019<\/a><\/li>\n\n\n\n<li><a href='?page_no=7020'>7020<\/a><\/li>\n\n\n\n<li><a>...<\/a><\/li>\n\n\n\n<li><a href='?page_no=36999'>36999<\/a><\/li>\n\n\n\n<li><a href='?page_no=37000'>37000<\/a><\/li>\n\n    \n\t\n\n<li >\n\t<a href='?page_no=7019'>Next<\/a>\n\t<\/li>\n\n\n    \n\n<li><a href='?page_no=37000'>Last &rsaquo;&rsaquo;<\/a><\/li>\n\n<\/ul>\n\n\n--><br \/>\n<\/body><\/p>\n","protected":false},"excerpt":{"rendered":"<p>El vocero del Bloque de Senadores del Partido de la Liberaci\u00f3n Dominicana (PLD), Rub\u00e9n Dar\u00edo Cruz hizo un llamado a la reflexi\u00f3n y comedimiento a sus compa\u00f1eros de Partido, a prop\u00f3sito de la cercan\u00eda del 44 aniversario y respondiendo alusiones en contra de los congresistas de ese partido en la C\u00e1mara Alta Calific\u00f3 de mentira, [&hellip;]<\/p>\n","protected":false},"author":3,"featured_media":0,"comment_status":"open","ping_status":"open","sticky":false,"template":"","format":"standard","meta":{"footnotes":""},"categories":[22],"tags":[],"class_list":["post-171743","post","type-post","status-publish","format-standard","hentry","category-politica"],"_links":{"self":[{"href":"https:\/\/diariodominicano.com\/index.php?rest_route=\/wp\/v2\/posts\/171743","targetHints":{"allow":["GET"]}}],"collection":[{"href":"https:\/\/diariodominicano.com\/index.php?rest_route=\/wp\/v2\/posts"}],"about":[{"href":"https:\/\/diariodominicano.com\/index.php?rest_route=\/wp\/v2\/types\/post"}],"author":[{"embeddable":true,"href":"https:\/\/diariodominicano.com\/index.php?rest_route=\/wp\/v2\/users\/3"}],"replies":[{"embeddable":true,"href":"https:\/\/diariodominicano.com\/index.php?rest_route=%2Fwp%2Fv2%2Fcomments&post=171743"}],"version-history":[{"count":0,"href":"https:\/\/diariodominicano.com\/index.php?rest_route=\/wp\/v2\/posts\/171743\/revisions"}],"wp:attachment":[{"href":"https:\/\/diariodominicano.com\/index.php?rest_route=%2Fwp%2Fv2%2Fmedia&parent=171743"}],"wp:term":[{"taxonomy":"category","embeddable":true,"href":"https:\/\/diariodominicano.com\/index.php?rest_route=%2Fwp%2Fv2%2Fcategories&post=171743"},{"taxonomy":"post_tag","embeddable":true,"href":"https:\/\/diariodominicano.com\/index.php?rest_route=%2Fwp%2Fv2%2Ftags&post=171743"}],"curies":[{"name":"wp","href":"https:\/\/api.w.org\/{rel}","templated":true}]}}