{"id":171742,"date":"2017-12-07T14:37:44","date_gmt":"2017-12-07T14:37:44","guid":{"rendered":"http:\/\/diariodominicano.ddns.net\/?p=171742"},"modified":"2017-12-07T14:37:44","modified_gmt":"2017-12-07T14:37:44","slug":"margarita-cedeno-afirma-no-hay-reeleccion-ni-division-en-el-pld","status":"publish","type":"post","link":"https:\/\/diariodominicano.com\/?p=171742","title":{"rendered":"Margarita Cede\u00f1o afirma \u00abNo hay reelecci\u00f3n ni divisi\u00f3n en el PLD\u00bb"},"content":{"rendered":"<p><body><\/p>\n<p><img decoding=\"async\" src=\"img3\/margarita.jpg\" \/>  <\/p>\n<p><span class=\"text1noticias\"> <\/span><\/p>\n<p><strong> <\/strong><\/p>\n<p><strong> <\/strong><\/p>\n<p><strong><span class=\"text1noticias\">SANTO DOMINGO, 7 de diciembre de 2017.-<\/span><\/strong><span class=\"text1noticias\"> La vicepresidenta de la Rep\u00fablica, doctora Margarita Cede\u00f1o, asegur\u00f3 este jueves que no habr\u00e1 reelecci\u00f3n del presidente Danilo Medina de cara al 2020, ni divisi\u00f3n a lo interno del Partido de la Liberaci\u00f3n Dominicana (PLD), y afirm\u00f3 que esa organizaci\u00f3n pol\u00edtica se mantendr\u00e1 unida para continuar dirigiendo los destinos de la naci\u00f3n.<\/span><\/p>\n<p><span class=\"text1noticias\"> <\/span><\/p>\n<p><span class=\"text1noticias\">\u00abNo apuesten a la divisi\u00f3n del PLD. EL PLD es un partido pol\u00edtico con un liderazgo muy maduro, con inteligencia emocional y con mucha responsabilidad de lo que implica el manejo y la administraci\u00f3n del sector p\u00fablico, de gobierno y de la institucionalidad del Estado. As\u00ed es que no apuesten a la divisi\u00f3n. No hay reelecci\u00f3n, ni divisi\u00f3n\u00bb, dijo la Vicemandataria. <\/span><\/p>\n<p><span class=\"text1noticias\"> <\/span><\/p>\n<p><span class=\"text1noticias\">Margarita Cede\u00f1o dijo categ\u00f3ricamente que el presidente Medina est\u00e1 consciente de cu\u00e1l es su papel hist\u00f3rico y su responsabilidad como el l\u00edder que ha conducido los destinos de la naci\u00f3n durante los \u00faltimos a\u00f1os, por lo que consider\u00f3 que \u00abno es tiempo de echar para atr\u00e1s\u00bb. Sostuvo que el partido y el Gobierno est\u00e1n enfocados en trabajar para lograr el avance y el progreso del pueblo y garantizar el fortalecimiento de la democracia. <\/span><\/p>\n<p><span class=\"text1noticias\"> <\/span><\/p>\n<p><span class=\"text1noticias\">La Vicepresidenta se expres\u00f3 en estos t\u00e9rminos al ser abordada por los periodistas a su llegada a la presentaci\u00f3n del Informe de Desarrollo Humano en Rep\u00fablica Dominicana, Embarazo adolescente: un desaf\u00edo multidimensional para generar oportunidades en el ciclo de la vida, presentado por el Programa de las Naciones Unidas para el Desarrollo (PNUD), en un hotel de la capital. <\/span><\/p>\n<h6> 2017-12-07 14:37:44 <\/h6>\n<p><!--\n<link rel=\"stylesheet\" href=\"css\/bootstrap.min.css\">\n\n\n<ul class=\"pagination\">\n\t    \n\t\n\n<li >\n\t<a href='?page_no=7016'>Previous<\/a>\n\t<\/li>\n\n\n       \n    \n\n<li><a href='?page_no=1'>1<\/a><\/li>\n\n\n\n<li><a href='?page_no=2'>2<\/a><\/li>\n\n\n\n<li><a>...<\/a><\/li>\n\n\n\n<li><a href='?page_no=7015'>7015<\/a><\/li>\n\n\n\n<li><a href='?page_no=7016'>7016<\/a><\/li>\n\n\n\n<li class='active'><a>7017<\/a><\/li>\n\n\n\n<li><a href='?page_no=7018'>7018<\/a><\/li>\n\n\n\n<li><a href='?page_no=7019'>7019<\/a><\/li>\n\n\n\n<li><a>...<\/a><\/li>\n\n\n\n<li><a href='?page_no=36999'>36999<\/a><\/li>\n\n\n\n<li><a href='?page_no=37000'>37000<\/a><\/li>\n\n    \n\t\n\n<li >\n\t<a href='?page_no=7018'>Next<\/a>\n\t<\/li>\n\n\n    \n\n<li><a href='?page_no=37000'>Last &rsaquo;&rsaquo;<\/a><\/li>\n\n<\/ul>\n\n\n--><br \/>\n<\/body><\/p>\n","protected":false},"excerpt":{"rendered":"<p>SANTO DOMINGO, 7 de diciembre de 2017.- La vicepresidenta de la Rep\u00fablica, doctora Margarita Cede\u00f1o, asegur\u00f3 este jueves que no habr\u00e1 reelecci\u00f3n del presidente Danilo Medina de cara al 2020, ni divisi\u00f3n a lo interno del Partido de la Liberaci\u00f3n Dominicana (PLD), y afirm\u00f3 que esa organizaci\u00f3n pol\u00edtica se mantendr\u00e1 unida para continuar dirigiendo los [&hellip;]<\/p>\n","protected":false},"author":3,"featured_media":0,"comment_status":"open","ping_status":"open","sticky":false,"template":"","format":"standard","meta":{"footnotes":""},"categories":[22],"tags":[],"class_list":["post-171742","post","type-post","status-publish","format-standard","hentry","category-politica"],"_links":{"self":[{"href":"https:\/\/diariodominicano.com\/index.php?rest_route=\/wp\/v2\/posts\/171742","targetHints":{"allow":["GET"]}}],"collection":[{"href":"https:\/\/diariodominicano.com\/index.php?rest_route=\/wp\/v2\/posts"}],"about":[{"href":"https:\/\/diariodominicano.com\/index.php?rest_route=\/wp\/v2\/types\/post"}],"author":[{"embeddable":true,"href":"https:\/\/diariodominicano.com\/index.php?rest_route=\/wp\/v2\/users\/3"}],"replies":[{"embeddable":true,"href":"https:\/\/diariodominicano.com\/index.php?rest_route=%2Fwp%2Fv2%2Fcomments&post=171742"}],"version-history":[{"count":0,"href":"https:\/\/diariodominicano.com\/index.php?rest_route=\/wp\/v2\/posts\/171742\/revisions"}],"wp:attachment":[{"href":"https:\/\/diariodominicano.com\/index.php?rest_route=%2Fwp%2Fv2%2Fmedia&parent=171742"}],"wp:term":[{"taxonomy":"category","embeddable":true,"href":"https:\/\/diariodominicano.com\/index.php?rest_route=%2Fwp%2Fv2%2Fcategories&post=171742"},{"taxonomy":"post_tag","embeddable":true,"href":"https:\/\/diariodominicano.com\/index.php?rest_route=%2Fwp%2Fv2%2Ftags&post=171742"}],"curies":[{"name":"wp","href":"https:\/\/api.w.org\/{rel}","templated":true}]}}