{"id":171739,"date":"2017-12-07T20:14:41","date_gmt":"2017-12-07T20:14:41","guid":{"rendered":"http:\/\/diariodominicano.ddns.net\/?p=171739"},"modified":"2017-12-07T20:14:41","modified_gmt":"2017-12-07T20:14:41","slug":"lula-anticipa-que-atendera-reforma-agraria-y-agricultura-familiar","status":"publish","type":"post","link":"https:\/\/diariodominicano.com\/?p=171739","title":{"rendered":"Lula anticipa que atender\u00e1 reforma agraria y agricultura familiar"},"content":{"rendered":"<p><body><\/p>\n<p><strong>Brasilia, 7 dic (PL)<\/strong> El expresidente Luiz In\u00e1cio Lula da Silva anticip\u00f3 hoy que de contender y ganar las elecciones presidenciales de 2018 en Brasil prestar\u00e1 especial atenci\u00f3n a la reforma agraria y la agricultura familiar.<\/p>\n<\/p>\n<p>En alusi\u00f3n directa al aspirante del Partido Social Cristiano (PSC) Jair Bolsonaro, Lula advirti\u00f3 &#8216;a quien quisiera ser candidato y comprar armas para que los hacendados maten a los sin tierra&#8217; que atender\u00e1 los reclamos de una reforma agraria y de los peque\u00f1os productores agr\u00edcolas.<\/p>\n<\/p>\n<p>Bolsonaro catalog\u00f3 de vagabundos a los integrantes del Movimiento de Trabajadores Rurales Sin Tierra (MST) en recientes declaraciones a una televisora, y se\u00f1al\u00f3 adem\u00e1s que estos deb\u00edan ser recibidos por los hacendados &#8216;con cartucho .762&#8217; (de fusil).<\/p>\n<\/p>\n<p>Brasil necesita de m\u00e1s empleo, m\u00e1s salario, m\u00e1s educaci\u00f3n y menos fusil, rebati\u00f3 este jueves el fundador del Partido de los Trabajadores (PT) durante una ceremonia en la municipalidad de Nova Iguaz\u00fa, adonde lleg\u00f3 al frente de una caravana en su tercer d\u00eda de recorrido por los Estados de Esp\u00edritu Santo y R\u00edo de Janeiro.<\/p>\n<\/p>\n<p>Lula tambi\u00e9n particip\u00f3 en esta jornada de un acto en defensa del empleo en el Complejo Petroqu\u00edmico de R\u00edo de Janeiro (Comperj), en la localidad de Itaborai, concebido para procesar un 15 por ciento de la producci\u00f3n de petr\u00f3leo del pa\u00eds, pero cuyas obras est\u00e1n interrumpidas.<\/p>\n<\/p>\n<p>Adem\u00e1s visit\u00f3 la ciudad de Duque de Caxias, donde fue recibido en la Plaza del Reloj por una multitud, ante la cual reiter\u00f3 que de ganar las pr\u00f3ximas elecciones recuperar\u00e1 los derechos perdidos por la ciudadan\u00eda durante el gobierno de Michel Temer y revocar\u00e1 todas las medidas &#8216;que est\u00e1n acabando con Brasil&#8217;.<\/p>\n<\/p>\n<p>La tercera etapa de la caravana Lula por Brasil comenz\u00f3 este lunes en la ciudad de Victoria, en Esp\u00edritu Santo, y culminar\u00e1 ma\u00f1ana en la capital carioca.<\/p>\n<\/p>\n<p>Concebida para constatar sobre el terreno el desmantelamiento de los programas sociales y pol\u00edticas p\u00fablicas acometido por el Gobierno de Temer, la tambi\u00e9n llamada Caravana de la Esperanza agot\u00f3 su etapa inicial entre agosto y septiembre \u00faltimos, cuando recorri\u00f3 los nueve estados del Nordeste del pa\u00eds y visit\u00f3 58 ciudades.<\/p>\n<\/p>\n<p>Con posterioridad, del 23 al 30 de octubre, recorri\u00f3 unos mil 500 kil\u00f3metros por siete regiones y 21 ciudades del estado de Minas Gerais, el cuarto mayor de la federaci\u00f3n en extensi\u00f3n territorial y el segundo m\u00e1s poblado de Brasil.<\/p>\n<\/p>\n<p>ocs\/mpm<\/p>\n<h6> 2017-12-07 20:14:41 <\/h6>\n<p><!--\n<link rel=\"stylesheet\" href=\"css\/bootstrap.min.css\">\n\n\n<ul class=\"pagination\">\n\t    \n\t\n\n<li >\n\t<a href='?page_no=7013'>Previous<\/a>\n\t<\/li>\n\n\n       \n    \n\n<li><a href='?page_no=1'>1<\/a><\/li>\n\n\n\n<li><a href='?page_no=2'>2<\/a><\/li>\n\n\n\n<li><a>...<\/a><\/li>\n\n\n\n<li><a href='?page_no=7012'>7012<\/a><\/li>\n\n\n\n<li><a href='?page_no=7013'>7013<\/a><\/li>\n\n\n\n<li class='active'><a>7014<\/a><\/li>\n\n\n\n<li><a href='?page_no=7015'>7015<\/a><\/li>\n\n\n\n<li><a href='?page_no=7016'>7016<\/a><\/li>\n\n\n\n<li><a>...<\/a><\/li>\n\n\n\n<li><a href='?page_no=36999'>36999<\/a><\/li>\n\n\n\n<li><a href='?page_no=37000'>37000<\/a><\/li>\n\n    \n\t\n\n<li >\n\t<a href='?page_no=7015'>Next<\/a>\n\t<\/li>\n\n\n    \n\n<li><a href='?page_no=37000'>Last &rsaquo;&rsaquo;<\/a><\/li>\n\n<\/ul>\n\n\n--><br \/>\n<\/body><\/p>\n","protected":false},"excerpt":{"rendered":"<p>Brasilia, 7 dic (PL) El expresidente Luiz In\u00e1cio Lula da Silva anticip\u00f3 hoy que de contender y ganar las elecciones presidenciales de 2018 en Brasil prestar\u00e1 especial atenci\u00f3n a la reforma agraria y la agricultura familiar. En alusi\u00f3n directa al aspirante del Partido Social Cristiano (PSC) Jair Bolsonaro, Lula advirti\u00f3 &#8216;a quien quisiera ser candidato [&hellip;]<\/p>\n","protected":false},"author":3,"featured_media":0,"comment_status":"open","ping_status":"open","sticky":false,"template":"","format":"standard","meta":{"footnotes":""},"categories":[22],"tags":[],"class_list":["post-171739","post","type-post","status-publish","format-standard","hentry","category-politica"],"_links":{"self":[{"href":"https:\/\/diariodominicano.com\/index.php?rest_route=\/wp\/v2\/posts\/171739","targetHints":{"allow":["GET"]}}],"collection":[{"href":"https:\/\/diariodominicano.com\/index.php?rest_route=\/wp\/v2\/posts"}],"about":[{"href":"https:\/\/diariodominicano.com\/index.php?rest_route=\/wp\/v2\/types\/post"}],"author":[{"embeddable":true,"href":"https:\/\/diariodominicano.com\/index.php?rest_route=\/wp\/v2\/users\/3"}],"replies":[{"embeddable":true,"href":"https:\/\/diariodominicano.com\/index.php?rest_route=%2Fwp%2Fv2%2Fcomments&post=171739"}],"version-history":[{"count":0,"href":"https:\/\/diariodominicano.com\/index.php?rest_route=\/wp\/v2\/posts\/171739\/revisions"}],"wp:attachment":[{"href":"https:\/\/diariodominicano.com\/index.php?rest_route=%2Fwp%2Fv2%2Fmedia&parent=171739"}],"wp:term":[{"taxonomy":"category","embeddable":true,"href":"https:\/\/diariodominicano.com\/index.php?rest_route=%2Fwp%2Fv2%2Fcategories&post=171739"},{"taxonomy":"post_tag","embeddable":true,"href":"https:\/\/diariodominicano.com\/index.php?rest_route=%2Fwp%2Fv2%2Ftags&post=171739"}],"curies":[{"name":"wp","href":"https:\/\/api.w.org\/{rel}","templated":true}]}}