{"id":171737,"date":"2017-12-08T11:53:44","date_gmt":"2017-12-08T11:53:44","guid":{"rendered":"http:\/\/diariodominicano.ddns.net\/?p=171737"},"modified":"2017-12-08T11:53:44","modified_gmt":"2017-12-08T11:53:44","slug":"pichardo-dice-primarias-abiertas-tienen-fin-politico-que-atenta-contra-la-institucionalidad-democratica","status":"publish","type":"post","link":"https:\/\/diariodominicano.com\/?p=171737","title":{"rendered":"Pichardo dice primarias abiertas tienen fin pol\u00edtico que atenta contra la institucionalidad democr\u00e1tica"},"content":{"rendered":"<p><body><\/p>\n<p>El dirigente del Partido de la Liberaci\u00f3n Dominicana, PLD, Manolo Pichardo, se quej\u00f3 hoy de que sectores del Gobierno hayan iniciado una ofensiva para crear una corriente de opini\u00f3n favorable a que en el proyecto de ley de partidos pol\u00edticos que se conoce en el Congreso, se introduzca la obligatoriedad de celebraci\u00f3n de primarias abiertas, aun sabi\u00e9ndose que una disposici\u00f3n como esta viola la constituci\u00f3n de la Rep\u00fablica y atenta contra la existencia de estas formaciones.<\/p>\n<\/p>\n<p>\u00abRecurrir a malabares jur\u00eddicos que se amparan en retorcidas interpretaciones de aparente orden legal, pero que persiguen un fin pol\u00edtico, no hacen m\u00e1s que resquebrajar la institucionalidad democr\u00e1tica, rescatada luego del Pacto por la Democracia a que arribaron los partidos tras la crisis post electoral de 1994 y que comenz\u00f3 a debilitarse con el parche constitucional del 2015 que impuso la reelecci\u00f3n presidencial sobre la base del poder perverso del Estado\u00bb, asegur\u00f3.<\/p>\n<\/p>\n<p>Para Pichardo, que preside la Conferencia Permanente de Partidos Pol\u00edticos de Am\u00e9rica Latina y el Caribe (Copppal), tomarse la Constituci\u00f3n y las leyes como un juego para satisfacer necesidades coyunturales de individuos o grupos de poder que temen perder sus negocios o privilegios, es un atentado contra la seguridad jur\u00eddica que, de perderse, arrastrar\u00eda desconfianza en los inversores y, como consecuencia, deterioro econ\u00f3mico que devendr\u00edan en crispaci\u00f3n social y crisis pol\u00edtica que pasar\u00eda factura a los que la provocaron.<\/p>\n<\/p>\n<p>El expresidente del Parlamento Centroamericano (Parlacen) llam\u00f3 la atenci\u00f3n sobe la violaci\u00f3n de los pactos sociales y advirti\u00f3 que la crisis pol\u00edtica por la que est\u00e1 atravesando Honduras podr\u00eda ponerse como espejo para lo que suceder\u00eda en el pa\u00eds si se insiste en seguir reduciendo a papeles de desechos la Constituci\u00f3n y las leyes, adem\u00e1s de \u00abpretender que los partidos se conviertan en conglomerados amorfos donde se aglutinar\u00edan toda suertes de personajes que vendr\u00edan a acentuar el desprecio por la militancia, el m\u00e9rito, las ideas y la propia raz\u00f3n de ser de los partidos\u00bb.<\/p>\n<h6> 2017-12-08 11:53:44 <\/h6>\n<p><!--\n<link rel=\"stylesheet\" href=\"css\/bootstrap.min.css\">\n\n\n<ul class=\"pagination\">\n\t    \n\t\n\n<li >\n\t<a href='?page_no=7011'>Previous<\/a>\n\t<\/li>\n\n\n       \n    \n\n<li><a href='?page_no=1'>1<\/a><\/li>\n\n\n\n<li><a href='?page_no=2'>2<\/a><\/li>\n\n\n\n<li><a>...<\/a><\/li>\n\n\n\n<li><a href='?page_no=7010'>7010<\/a><\/li>\n\n\n\n<li><a href='?page_no=7011'>7011<\/a><\/li>\n\n\n\n<li class='active'><a>7012<\/a><\/li>\n\n\n\n<li><a href='?page_no=7013'>7013<\/a><\/li>\n\n\n\n<li><a href='?page_no=7014'>7014<\/a><\/li>\n\n\n\n<li><a>...<\/a><\/li>\n\n\n\n<li><a href='?page_no=36999'>36999<\/a><\/li>\n\n\n\n<li><a href='?page_no=37000'>37000<\/a><\/li>\n\n    \n\t\n\n<li >\n\t<a href='?page_no=7013'>Next<\/a>\n\t<\/li>\n\n\n    \n\n<li><a href='?page_no=37000'>Last &rsaquo;&rsaquo;<\/a><\/li>\n\n<\/ul>\n\n\n--><br \/>\n<\/body><\/p>\n","protected":false},"excerpt":{"rendered":"<p>El dirigente del Partido de la Liberaci\u00f3n Dominicana, PLD, Manolo Pichardo, se quej\u00f3 hoy de que sectores del Gobierno hayan iniciado una ofensiva para crear una corriente de opini\u00f3n favorable a que en el proyecto de ley de partidos pol\u00edticos que se conoce en el Congreso, se introduzca la obligatoriedad de celebraci\u00f3n de primarias abiertas, [&hellip;]<\/p>\n","protected":false},"author":3,"featured_media":0,"comment_status":"open","ping_status":"open","sticky":false,"template":"","format":"standard","meta":{"footnotes":""},"categories":[22],"tags":[],"class_list":["post-171737","post","type-post","status-publish","format-standard","hentry","category-politica"],"_links":{"self":[{"href":"https:\/\/diariodominicano.com\/index.php?rest_route=\/wp\/v2\/posts\/171737","targetHints":{"allow":["GET"]}}],"collection":[{"href":"https:\/\/diariodominicano.com\/index.php?rest_route=\/wp\/v2\/posts"}],"about":[{"href":"https:\/\/diariodominicano.com\/index.php?rest_route=\/wp\/v2\/types\/post"}],"author":[{"embeddable":true,"href":"https:\/\/diariodominicano.com\/index.php?rest_route=\/wp\/v2\/users\/3"}],"replies":[{"embeddable":true,"href":"https:\/\/diariodominicano.com\/index.php?rest_route=%2Fwp%2Fv2%2Fcomments&post=171737"}],"version-history":[{"count":0,"href":"https:\/\/diariodominicano.com\/index.php?rest_route=\/wp\/v2\/posts\/171737\/revisions"}],"wp:attachment":[{"href":"https:\/\/diariodominicano.com\/index.php?rest_route=%2Fwp%2Fv2%2Fmedia&parent=171737"}],"wp:term":[{"taxonomy":"category","embeddable":true,"href":"https:\/\/diariodominicano.com\/index.php?rest_route=%2Fwp%2Fv2%2Fcategories&post=171737"},{"taxonomy":"post_tag","embeddable":true,"href":"https:\/\/diariodominicano.com\/index.php?rest_route=%2Fwp%2Fv2%2Ftags&post=171737"}],"curies":[{"name":"wp","href":"https:\/\/api.w.org\/{rel}","templated":true}]}}