{"id":171735,"date":"2017-12-09T09:22:28","date_gmt":"2017-12-09T09:22:28","guid":{"rendered":"http:\/\/diariodominicano.ddns.net\/?p=171735"},"modified":"2017-12-09T09:22:28","modified_gmt":"2017-12-09T09:22:28","slug":"evo-morales-saluda-dia-internacional-contra-la-corrupcion","status":"publish","type":"post","link":"https:\/\/diariodominicano.com\/?p=171735","title":{"rendered":"Evo Morales saluda D\u00eda Internacional Contra la Corrupci\u00f3n"},"content":{"rendered":"<p><body><\/p>\n<p><img decoding=\"async\" src=\"img3\/EVOMORALES.jpg\" \/>  <\/p>\n<p><strong>La Paz, 9 dic (PL) <\/strong>El presidente de Bolivia, Evo Morales, salud\u00f3 hoy el D\u00eda Internacional Contra la Corrupci\u00f3n en su cuenta oficial de Twitter, en cuyo mensaje afirm\u00f3 que el gobierno nunca encubrir\u00e1 a acusado alguno por tal flagelo.<\/p>\n<\/p>\n<p>En dicha red social, el jefe de Estado de la naci\u00f3n andino amaz\u00f3nica se\u00f1al\u00f3 que en el pa\u00eds se ha llevado adelante una pol\u00edtica de lucha contra la corrupci\u00f3n, como parte fundamental de la agenda gubernamental.<\/p>\n<\/p>\n<p>Agreg\u00f3 adem\u00e1s en su tuit, una presentaci\u00f3n de video con mensajes relacionados al da\u00f1o provocado por quienes dirigieron el pa\u00eds altipl\u00e1nico en \u00e9pocas precedentes antes de su gesti\u00f3n como presidente.<\/p>\n<\/p>\n<p>De tal manera, Morales record\u00f3 que entonces existi\u00f3 una corrupci\u00f3n sin l\u00edmites, que saque\u00f3 al pueblo m\u00e1s pobre de la regi\u00f3n y hundi\u00f3 en la miseria a Bolivia.<\/p>\n<\/p>\n<p>Precis\u00f3, que en tan solo 20 a\u00f1os estos actores provocaron en la naci\u00f3n un da\u00f1o al Estado de m\u00e1s de 10 mil millones de d\u00f3lares, adem\u00e1s de vender las empresas p\u00fablicas al 20 por ciento de su valor.<\/p>\n<\/p>\n<p>Durante 11 a\u00f1os como presidente, Morales ha recuperado las empresas estrat\u00e9gicas y nacionalizado los recursos naturales, imprescindibles en pos devolverles la dignidad y soberan\u00eda al pueblo boliviano, como parte de la Agenda Patri\u00f3tica-2025.<\/p>\n<\/p>\n<p>La Organizaci\u00f3n de Naciones Unidas, en su portal digital, refiere que cada a\u00f1o se paga un bill\u00f3n de d\u00f3lares en sobornos y se roban unos 2.6 billones de d\u00f3lares mediante la corrupci\u00f3n, suma equivalente al cinco por ciento del Producto Interno Bruto mundial.<\/p>\n<\/p>\n<p>Sostiene que, &#8216;seg\u00fan el Programa de las Naciones Unidas para el Desarrollo, se calcula que en los pa\u00edses en desarrollo se pierde, debido a la corrupci\u00f3n, una cantidad de dinero diez veces mayor que la dedicada a la asistencia oficial para el desarrollo&#8217;.<\/p>\n<\/p>\n<p>La organizaci\u00f3n mundial indica que este delito grave frena el desarrollo econ\u00f3mico y social en todas las sociedades y que ning\u00fan pa\u00eds, regi\u00f3n o comunidad es inmune.<\/p>\n<\/p>\n<p>Asimismo, menciona el impacto que este flagelo tiene sobre la educaci\u00f3n, la sanidad, la justicia, la democracia, la prosperidad y el desarrollo.<\/p>\n<\/p>\n<p>pgh\/amm<\/p>\n<h6> 2017-12-09 09:22:28 <\/h6>\n<p><!--\n<link rel=\"stylesheet\" href=\"css\/bootstrap.min.css\">\n\n\n<ul class=\"pagination\">\n\t    \n\t\n\n<li >\n\t<a href='?page_no=7009'>Previous<\/a>\n\t<\/li>\n\n\n       \n    \n\n<li><a href='?page_no=1'>1<\/a><\/li>\n\n\n\n<li><a href='?page_no=2'>2<\/a><\/li>\n\n\n\n<li><a>...<\/a><\/li>\n\n\n\n<li><a href='?page_no=7008'>7008<\/a><\/li>\n\n\n\n<li><a href='?page_no=7009'>7009<\/a><\/li>\n\n\n\n<li class='active'><a>7010<\/a><\/li>\n\n\n\n<li><a href='?page_no=7011'>7011<\/a><\/li>\n\n\n\n<li><a href='?page_no=7012'>7012<\/a><\/li>\n\n\n\n<li><a>...<\/a><\/li>\n\n\n\n<li><a href='?page_no=36999'>36999<\/a><\/li>\n\n\n\n<li><a href='?page_no=37000'>37000<\/a><\/li>\n\n    \n\t\n\n<li >\n\t<a href='?page_no=7011'>Next<\/a>\n\t<\/li>\n\n\n    \n\n<li><a href='?page_no=37000'>Last &rsaquo;&rsaquo;<\/a><\/li>\n\n<\/ul>\n\n\n--><br \/>\n<\/body><\/p>\n","protected":false},"excerpt":{"rendered":"<p>La Paz, 9 dic (PL) El presidente de Bolivia, Evo Morales, salud\u00f3 hoy el D\u00eda Internacional Contra la Corrupci\u00f3n en su cuenta oficial de Twitter, en cuyo mensaje afirm\u00f3 que el gobierno nunca encubrir\u00e1 a acusado alguno por tal flagelo. En dicha red social, el jefe de Estado de la naci\u00f3n andino amaz\u00f3nica se\u00f1al\u00f3 que [&hellip;]<\/p>\n","protected":false},"author":3,"featured_media":0,"comment_status":"open","ping_status":"open","sticky":false,"template":"","format":"standard","meta":{"footnotes":""},"categories":[22],"tags":[],"class_list":["post-171735","post","type-post","status-publish","format-standard","hentry","category-politica"],"_links":{"self":[{"href":"https:\/\/diariodominicano.com\/index.php?rest_route=\/wp\/v2\/posts\/171735","targetHints":{"allow":["GET"]}}],"collection":[{"href":"https:\/\/diariodominicano.com\/index.php?rest_route=\/wp\/v2\/posts"}],"about":[{"href":"https:\/\/diariodominicano.com\/index.php?rest_route=\/wp\/v2\/types\/post"}],"author":[{"embeddable":true,"href":"https:\/\/diariodominicano.com\/index.php?rest_route=\/wp\/v2\/users\/3"}],"replies":[{"embeddable":true,"href":"https:\/\/diariodominicano.com\/index.php?rest_route=%2Fwp%2Fv2%2Fcomments&post=171735"}],"version-history":[{"count":0,"href":"https:\/\/diariodominicano.com\/index.php?rest_route=\/wp\/v2\/posts\/171735\/revisions"}],"wp:attachment":[{"href":"https:\/\/diariodominicano.com\/index.php?rest_route=%2Fwp%2Fv2%2Fmedia&parent=171735"}],"wp:term":[{"taxonomy":"category","embeddable":true,"href":"https:\/\/diariodominicano.com\/index.php?rest_route=%2Fwp%2Fv2%2Fcategories&post=171735"},{"taxonomy":"post_tag","embeddable":true,"href":"https:\/\/diariodominicano.com\/index.php?rest_route=%2Fwp%2Fv2%2Ftags&post=171735"}],"curies":[{"name":"wp","href":"https:\/\/api.w.org\/{rel}","templated":true}]}}