{"id":171732,"date":"2017-12-09T15:55:31","date_gmt":"2017-12-09T15:55:31","guid":{"rendered":"http:\/\/diariodominicano.ddns.net\/?p=171732"},"modified":"2017-12-09T15:55:31","modified_gmt":"2017-12-09T15:55:31","slug":"confia-maduro-en-patriotismo-de-venezolanos-frente-asedio-de-ee-uu","status":"publish","type":"post","link":"https:\/\/diariodominicano.com\/?p=171732","title":{"rendered":"Conf\u00eda Maduro en patriotismo de venezolanos frente asedio de EE.UU."},"content":{"rendered":"<p><body><\/p>\n<p><span class=\"text1noticias\">Caracas, 9 dic (PL) El presidente de Venezuela, Nicol\u00e1s Maduro, manifest\u00f3 hoy su confianza en la defensa del pueblo por su autodeterminaci\u00f3n ante las agresiones econ\u00f3micas y financieras que sufre por parte de la derecha internacional y de Estados Unidos.<\/span><\/p>\n<\/p>\n<p><span class=\"text1noticias\">A pocas horas de los comicios municipales y del regional del estado de Zulia, el mandatario afirm\u00f3 que frente a los intentos del imperialismo los venezolanos mostrar\u00e1n su patriotismo, dignidad y convicci\u00f3n de defender la soberan\u00eda y la independencia.<\/span><\/p>\n<\/p>\n<p><span class=\"text1noticias\">Tambi\u00e9n asegur\u00f3 que los venezolanos actuar\u00e1n inspirados en figuras como Cipriano Castro, quien alert\u00f3 hace 115 a\u00f1os con su proclama nacionalista sobre las pretensiones de agentes imperiales.<\/span><\/p>\n<\/p>\n<p><span class=\"text1noticias\">Maduro record\u00f3 el pronunciamiento de Castro, quien denunciaba la arremetida imperialista contra Venezuela con un bloqueo, una situaci\u00f3n que compar\u00f3 con el actual y sistem\u00e1tico asedio econ\u00f3mico y financiero manejado desde el Gobierno de Estados Unidos contra la naci\u00f3n sudamericana.<\/span><\/p>\n<\/p>\n<p><span class=\"text1noticias\">&#8216;Fue el 9 de diciembre de 1902 cuando los buques de Inglaterra, Alemania e Italia aplicaron un bloqueo naval contra costas venezolanas, &#8216;atacando la incipiente flota de barcos venezolanos y ocupando el puerto de La Guaira. La justificaci\u00f3n para aquella agresi\u00f3n fue el cobro hostil de las deudas que ten\u00eda Venezuela con empresas de ciudadanos de estos pa\u00edses, con el cobro de cifras muy superiores a la realidad&#8217;, rememor\u00f3.<\/span><\/p>\n<\/p>\n<p><span class=\"text1noticias\">En una proclama nacionalista a la unidad de los patriotas con la frase \u00a1La planta insolente del Extranjero ha profanado el sagrado suelo de la Patria!, el entonces presidente, Cipriano Castro, convoc\u00f3 a los venezolanos a superar las diferencias internas, y unirse contra la agresi\u00f3n, acot\u00f3 Maduro.<\/span><\/p>\n<\/p>\n<h6> 2017-12-09 15:55:31 <\/h6>\n<p><!--\n<link rel=\"stylesheet\" href=\"css\/bootstrap.min.css\">\n\n\n<ul class=\"pagination\">\n\t    \n\t\n\n<li >\n\t<a href='?page_no=7007'>Previous<\/a>\n\t<\/li>\n\n\n       \n    \n\n<li><a href='?page_no=1'>1<\/a><\/li>\n\n\n\n<li><a href='?page_no=2'>2<\/a><\/li>\n\n\n\n<li><a>...<\/a><\/li>\n\n\n\n<li><a href='?page_no=7006'>7006<\/a><\/li>\n\n\n\n<li><a href='?page_no=7007'>7007<\/a><\/li>\n\n\n\n<li class='active'><a>7008<\/a><\/li>\n\n\n\n<li><a href='?page_no=7009'>7009<\/a><\/li>\n\n\n\n<li><a href='?page_no=7010'>7010<\/a><\/li>\n\n\n\n<li><a>...<\/a><\/li>\n\n\n\n<li><a href='?page_no=36999'>36999<\/a><\/li>\n\n\n\n<li><a href='?page_no=37000'>37000<\/a><\/li>\n\n    \n\t\n\n<li >\n\t<a href='?page_no=7009'>Next<\/a>\n\t<\/li>\n\n\n    \n\n<li><a href='?page_no=37000'>Last &rsaquo;&rsaquo;<\/a><\/li>\n\n<\/ul>\n\n\n--><br \/>\n<\/body><\/p>\n","protected":false},"excerpt":{"rendered":"<p>Caracas, 9 dic (PL) El presidente de Venezuela, Nicol\u00e1s Maduro, manifest\u00f3 hoy su confianza en la defensa del pueblo por su autodeterminaci\u00f3n ante las agresiones econ\u00f3micas y financieras que sufre por parte de la derecha internacional y de Estados Unidos. A pocas horas de los comicios municipales y del regional del estado de Zulia, el [&hellip;]<\/p>\n","protected":false},"author":3,"featured_media":0,"comment_status":"open","ping_status":"open","sticky":false,"template":"","format":"standard","meta":{"footnotes":""},"categories":[22],"tags":[],"class_list":["post-171732","post","type-post","status-publish","format-standard","hentry","category-politica"],"_links":{"self":[{"href":"https:\/\/diariodominicano.com\/index.php?rest_route=\/wp\/v2\/posts\/171732","targetHints":{"allow":["GET"]}}],"collection":[{"href":"https:\/\/diariodominicano.com\/index.php?rest_route=\/wp\/v2\/posts"}],"about":[{"href":"https:\/\/diariodominicano.com\/index.php?rest_route=\/wp\/v2\/types\/post"}],"author":[{"embeddable":true,"href":"https:\/\/diariodominicano.com\/index.php?rest_route=\/wp\/v2\/users\/3"}],"replies":[{"embeddable":true,"href":"https:\/\/diariodominicano.com\/index.php?rest_route=%2Fwp%2Fv2%2Fcomments&post=171732"}],"version-history":[{"count":0,"href":"https:\/\/diariodominicano.com\/index.php?rest_route=\/wp\/v2\/posts\/171732\/revisions"}],"wp:attachment":[{"href":"https:\/\/diariodominicano.com\/index.php?rest_route=%2Fwp%2Fv2%2Fmedia&parent=171732"}],"wp:term":[{"taxonomy":"category","embeddable":true,"href":"https:\/\/diariodominicano.com\/index.php?rest_route=%2Fwp%2Fv2%2Fcategories&post=171732"},{"taxonomy":"post_tag","embeddable":true,"href":"https:\/\/diariodominicano.com\/index.php?rest_route=%2Fwp%2Fv2%2Ftags&post=171732"}],"curies":[{"name":"wp","href":"https:\/\/api.w.org\/{rel}","templated":true}]}}