{"id":171730,"date":"2017-12-10T12:48:49","date_gmt":"2017-12-10T12:48:49","guid":{"rendered":"http:\/\/diariodominicano.ddns.net\/?p=171730"},"modified":"2017-12-10T12:48:49","modified_gmt":"2017-12-10T12:48:49","slug":"presidente-parlacen-y-embajador-de-guatemala-acuerdan-acciones-conjuntas-comunes-de-la-region","status":"publish","type":"post","link":"https:\/\/diariodominicano.com\/?p=171730","title":{"rendered":"Presidente PARLACEN y Embajador de Guatemala acuerdan acciones conjuntas comunes de la regi\u00f3n"},"content":{"rendered":"<p><body><\/p>\n<p>SANTO DOMINGO.- El presidente del Parlamento Centroamericano (PARLACEN), licenciado Tony Raful, y el embajador de Guatemala en Rep\u00fablica Dominicana, Rudy Armando Coxaj L\u00f3pez, acordaron programar acciones conjuntas de car\u00e1cter cultural que incluye \u00e1reas y proyectos comunes de la regi\u00f3n.<\/p>\n<\/p>\n<p>El presidente del PARLACEN se reuni\u00f3 con el embajador guatemalteco en el marco de una visita de cortes\u00eda que el diplom\u00e1tico le dispens\u00f3 a la Subsede dominicana del \u00f3rgano regional, ubicada en el sector de Gazcue, del Distrito Nacional.<\/p>\n<\/p>\n<p>Tambi\u00e9n hablaron sobre la pr\u00f3xima Feria Internacional del Libro a celebrarse en Santo Domingo en el 2018, la cual ser\u00e1 dedicada a la Rep\u00fablica de Guatemala.<\/p>\n<\/p>\n<p>Ambos valoraron la escogencia de la naci\u00f3n centroamericana como pa\u00eds invitado de honor a la Feria del Libro del pr\u00f3ximo a\u00f1o, a iniciativa del Ministerio de Cultura y del Gobierno de la Rep\u00fablica Dominicana.<\/p>\n<\/p>\n<p>El licenciado Tony Raful y el embajador Coxaj L\u00f3pez, acordaron, adem\u00e1s,  mantener intercambios frecuentes.<\/p>\n<\/p>\n<p>El Presidente del PARLACEN estuvo acompa\u00f1ado del diputado Manuel Adames Lockward, secretario de la Junta Directiva del foro regional, y el Embajador Coxaj L\u00f3pez se hizo acompa\u00f1ar de su asistente, Marcos Herrera.<\/p>\n<h6> 2017-12-10 12:48:49 <\/h6>\n<p><!--\n<link rel=\"stylesheet\" href=\"css\/bootstrap.min.css\">\n\n\n<ul class=\"pagination\">\n\t    \n\t\n\n<li >\n\t<a href='?page_no=7005'>Previous<\/a>\n\t<\/li>\n\n\n       \n    \n\n<li><a href='?page_no=1'>1<\/a><\/li>\n\n\n\n<li><a href='?page_no=2'>2<\/a><\/li>\n\n\n\n<li><a>...<\/a><\/li>\n\n\n\n<li><a href='?page_no=7004'>7004<\/a><\/li>\n\n\n\n<li><a href='?page_no=7005'>7005<\/a><\/li>\n\n\n\n<li class='active'><a>7006<\/a><\/li>\n\n\n\n<li><a href='?page_no=7007'>7007<\/a><\/li>\n\n\n\n<li><a href='?page_no=7008'>7008<\/a><\/li>\n\n\n\n<li><a>...<\/a><\/li>\n\n\n\n<li><a href='?page_no=36999'>36999<\/a><\/li>\n\n\n\n<li><a href='?page_no=37000'>37000<\/a><\/li>\n\n    \n\t\n\n<li >\n\t<a href='?page_no=7007'>Next<\/a>\n\t<\/li>\n\n\n    \n\n<li><a href='?page_no=37000'>Last &rsaquo;&rsaquo;<\/a><\/li>\n\n<\/ul>\n\n\n--><br \/>\n<\/body><\/p>\n","protected":false},"excerpt":{"rendered":"<p>SANTO DOMINGO.- El presidente del Parlamento Centroamericano (PARLACEN), licenciado Tony Raful, y el embajador de Guatemala en Rep\u00fablica Dominicana, Rudy Armando Coxaj L\u00f3pez, acordaron programar acciones conjuntas de car\u00e1cter cultural que incluye \u00e1reas y proyectos comunes de la regi\u00f3n. El presidente del PARLACEN se reuni\u00f3 con el embajador guatemalteco en el marco de una visita [&hellip;]<\/p>\n","protected":false},"author":3,"featured_media":0,"comment_status":"open","ping_status":"open","sticky":false,"template":"","format":"standard","meta":{"footnotes":""},"categories":[22],"tags":[],"class_list":["post-171730","post","type-post","status-publish","format-standard","hentry","category-politica"],"_links":{"self":[{"href":"https:\/\/diariodominicano.com\/index.php?rest_route=\/wp\/v2\/posts\/171730","targetHints":{"allow":["GET"]}}],"collection":[{"href":"https:\/\/diariodominicano.com\/index.php?rest_route=\/wp\/v2\/posts"}],"about":[{"href":"https:\/\/diariodominicano.com\/index.php?rest_route=\/wp\/v2\/types\/post"}],"author":[{"embeddable":true,"href":"https:\/\/diariodominicano.com\/index.php?rest_route=\/wp\/v2\/users\/3"}],"replies":[{"embeddable":true,"href":"https:\/\/diariodominicano.com\/index.php?rest_route=%2Fwp%2Fv2%2Fcomments&post=171730"}],"version-history":[{"count":0,"href":"https:\/\/diariodominicano.com\/index.php?rest_route=\/wp\/v2\/posts\/171730\/revisions"}],"wp:attachment":[{"href":"https:\/\/diariodominicano.com\/index.php?rest_route=%2Fwp%2Fv2%2Fmedia&parent=171730"}],"wp:term":[{"taxonomy":"category","embeddable":true,"href":"https:\/\/diariodominicano.com\/index.php?rest_route=%2Fwp%2Fv2%2Fcategories&post=171730"},{"taxonomy":"post_tag","embeddable":true,"href":"https:\/\/diariodominicano.com\/index.php?rest_route=%2Fwp%2Fv2%2Ftags&post=171730"}],"curies":[{"name":"wp","href":"https:\/\/api.w.org\/{rel}","templated":true}]}}