{"id":171729,"date":"2017-12-10T13:06:22","date_gmt":"2017-12-10T13:06:22","guid":{"rendered":"http:\/\/diariodominicano.ddns.net\/?p=171729"},"modified":"2017-12-10T13:06:22","modified_gmt":"2017-12-10T13:06:22","slug":"bisono-vamos-a-sacar-a-hato-mayor-del-80-de-pobreza-en-el-que-se-encuentra","status":"publish","type":"post","link":"https:\/\/diariodominicano.com\/?p=171729","title":{"rendered":"Bison\u00f3 : \u00abVamos a sacar a Hato Mayor del 80% de pobreza en el que se encuentra\u00bb"},"content":{"rendered":"<p><body><\/p>\n<p><img decoding=\"async\" src=\"img3\/bisono.jpg\" \/>  <\/p>\n<p>El Precandidato Presidencial, Ito Bison\u00f3, asegur\u00f3 desde la Universidad Aut\u00f3noma de Santo Domingo (UASD) n\u00facleo de Hato Mayor,  que m\u00e1s del 80% de los habitantes de esta provincia viven en condiciones de pobreza y pobreza extrema: \u00abLa pobreza es hoy m\u00e1s alta que en el 2000 y la Rep\u00fablica Dominicana es el pa\u00eds m\u00e1s golpeado por ella, un ejemplo, es esta provincia, que por el poco apoyo a la agricultura, la falta de construcci\u00f3n de infraestructuras viales y vecinales, un sistema de integral de abastecimiento de agua potable. Y el apoyo necesario al desarrollo de la primera provincia ecotur\u00edstica del pa\u00eds, por eso se ha visto condenada al subdesarrollo. Nosotros vamos a trabajar para sacar a Hato Mayor del 80% de pobreza en el que se encuentra\u00bb.<\/p>\n<\/p>\n<p>En marco de una charla en materia de seguridad ciudadana y la creciente violencia en el pa\u00eds, con estudiantes de la UASD, Bison\u00f3 afirm\u00f3 que la falta de oportunidades para los j\u00f3venes impactan en los porcentajes de violencia, debido a que se ven m\u00e1s tentados a caer en actos delictivos y situaciones irregulares, cuando no tienen empleo, oportunidades de estudio y superaci\u00f3n. <\/p>\n<\/p>\n<p>\u00abUn factor econ\u00f3mico que incide de manera determinante en el \u00edndice de delito, es la desigualdad en los niveles de ingresos y el desempleo entre hombres y mujeres; pero tambi\u00e9n son factores fundamentales la falta de educaci\u00f3n y los j\u00f3venes que crecen en familias disfuncionales y hogares carentes de valores\u00bb, sostuvo el actual congresista. <\/p>\n<\/p>\n<p>\u00abLa inseguridad ciudadana, violencia de g\u00e9nero y la delincuencia son flagelos que impiden el libre desarrollo de los dominicanos. Seg\u00fan la m\u00e1s reciente publicaci\u00f3n de la encuesta Gallup el 63.4% de la poblaci\u00f3n dominicana considera que la inseguridad ha aumentado en los \u00faltimos 5 a\u00f1os y adem\u00e1s el 60.1% piensa que las medidas contra la violencia de g\u00e9nero de parte del Gobierno han sido muy malas, esto lo revela la encuesta Gallup publicada el 2 de noviembre del a\u00f1o en curso. Las cifras de mujeres asesinadas son alarmantes, 84 mujeres entre 13 y 48 a\u00f1os asesinadas este a\u00f1o. De acuerdo con las estad\u00edsticas de la Procuradur\u00eda General de la Rep\u00fablica, del 2005 a la fecha, 1,240 mujeres fueron asesinadas por hombres con los cuales tuvieron alg\u00fan tipo de relaci\u00f3n sentimental, y en la mayor\u00eda de los casos, la v\u00edctima se negaba a permanecer con \u00e9l. En promedio, m\u00e1s de 70 mujeres por a\u00f1o perdieron la vida\u00bb, coment\u00f3 en el encuentro. <\/p>\n<\/p>\n<p>Explic\u00f3 que la ley para el Control y Regulaci\u00f3n de Armas, Municiones y Materiales Relacionados es innovadora, porque contempla elementos que la antigua legislaci\u00f3n no contemplaba, permitiendo identificaci\u00f3n de las personas que usan las armas para delinquir. \u00abAhora la ley contempla el porte ilegal de armas en todas sus vertientes, si es un arma casera, de uso civil autom\u00e1tica, de uso militar, modificada o robada a un militar\u00bb, argument\u00f3.<\/p>\n<\/p>\n<p>Bisono estuvo acompa\u00f1ado por el presidente del PRSC en esta provincia Miguel Laureano, los dirigentes Allelo Morla, Juan Francisco Santana, la ex diputada Nurys Papaterra , Abel Sosa adem\u00e1s de el agro empresario Ricardo Barcel\u00f3 presidente de la C\u00e1mara de Comercio y Producci\u00f3n de Hato Mayor.<\/p>\n<h6> 2017-12-10 13:06:22 <\/h6>\n<p><!--\n<link rel=\"stylesheet\" href=\"css\/bootstrap.min.css\">\n\n\n<ul class=\"pagination\">\n\t    \n\t\n\n<li >\n\t<a href='?page_no=7004'>Previous<\/a>\n\t<\/li>\n\n\n       \n    \n\n<li><a href='?page_no=1'>1<\/a><\/li>\n\n\n\n<li><a href='?page_no=2'>2<\/a><\/li>\n\n\n\n<li><a>...<\/a><\/li>\n\n\n\n<li><a href='?page_no=7003'>7003<\/a><\/li>\n\n\n\n<li><a href='?page_no=7004'>7004<\/a><\/li>\n\n\n\n<li class='active'><a>7005<\/a><\/li>\n\n\n\n<li><a href='?page_no=7006'>7006<\/a><\/li>\n\n\n\n<li><a href='?page_no=7007'>7007<\/a><\/li>\n\n\n\n<li><a>...<\/a><\/li>\n\n\n\n<li><a href='?page_no=36999'>36999<\/a><\/li>\n\n\n\n<li><a href='?page_no=37000'>37000<\/a><\/li>\n\n    \n\t\n\n<li >\n\t<a href='?page_no=7006'>Next<\/a>\n\t<\/li>\n\n\n    \n\n<li><a href='?page_no=37000'>Last &rsaquo;&rsaquo;<\/a><\/li>\n\n<\/ul>\n\n\n--><br \/>\n<\/body><\/p>\n","protected":false},"excerpt":{"rendered":"<p>El Precandidato Presidencial, Ito Bison\u00f3, asegur\u00f3 desde la Universidad Aut\u00f3noma de Santo Domingo (UASD) n\u00facleo de Hato Mayor, que m\u00e1s del 80% de los habitantes de esta provincia viven en condiciones de pobreza y pobreza extrema: \u00abLa pobreza es hoy m\u00e1s alta que en el 2000 y la Rep\u00fablica Dominicana es el pa\u00eds m\u00e1s golpeado [&hellip;]<\/p>\n","protected":false},"author":3,"featured_media":0,"comment_status":"open","ping_status":"open","sticky":false,"template":"","format":"standard","meta":{"footnotes":""},"categories":[22],"tags":[],"class_list":["post-171729","post","type-post","status-publish","format-standard","hentry","category-politica"],"_links":{"self":[{"href":"https:\/\/diariodominicano.com\/index.php?rest_route=\/wp\/v2\/posts\/171729","targetHints":{"allow":["GET"]}}],"collection":[{"href":"https:\/\/diariodominicano.com\/index.php?rest_route=\/wp\/v2\/posts"}],"about":[{"href":"https:\/\/diariodominicano.com\/index.php?rest_route=\/wp\/v2\/types\/post"}],"author":[{"embeddable":true,"href":"https:\/\/diariodominicano.com\/index.php?rest_route=\/wp\/v2\/users\/3"}],"replies":[{"embeddable":true,"href":"https:\/\/diariodominicano.com\/index.php?rest_route=%2Fwp%2Fv2%2Fcomments&post=171729"}],"version-history":[{"count":0,"href":"https:\/\/diariodominicano.com\/index.php?rest_route=\/wp\/v2\/posts\/171729\/revisions"}],"wp:attachment":[{"href":"https:\/\/diariodominicano.com\/index.php?rest_route=%2Fwp%2Fv2%2Fmedia&parent=171729"}],"wp:term":[{"taxonomy":"category","embeddable":true,"href":"https:\/\/diariodominicano.com\/index.php?rest_route=%2Fwp%2Fv2%2Fcategories&post=171729"},{"taxonomy":"post_tag","embeddable":true,"href":"https:\/\/diariodominicano.com\/index.php?rest_route=%2Fwp%2Fv2%2Ftags&post=171729"}],"curies":[{"name":"wp","href":"https:\/\/api.w.org\/{rel}","templated":true}]}}