{"id":171727,"date":"2017-12-10T13:30:52","date_gmt":"2017-12-10T13:30:52","guid":{"rendered":"http:\/\/diariodominicano.ddns.net\/?p=171727"},"modified":"2017-12-10T13:30:52","modified_gmt":"2017-12-10T13:30:52","slug":"dirigente-reformista-dice-que-en-el-ano-2018-el-prsc-tendra-cambio-de-directiva","status":"publish","type":"post","link":"https:\/\/diariodominicano.com\/?p=171727","title":{"rendered":"Dirigente reformista dice que en el a\u00f1o 2018 el PRSC tendr\u00e1 cambio de directiva"},"content":{"rendered":"<p><body><\/p>\n<p><img decoding=\"async\" src=\"img3\/prsc1.jpg\" \/>  <\/p>\n<p>El dirigente reformista Hernani Aquino, asegur\u00f3 que el a\u00f1o 2018 ser\u00e1 trascendental para el Partido Reformista Social Cristiano (PRSC), porque habr\u00e1 cambio en la estructura de la directiva de esa entidad.<\/p>\n<\/p>\n<p>Aquino sostuvo, que esos cambios transformaran ese partido que en la actualidad no responde a las demandas de la gente y sus dirigentes, sobre todo con la modernidad que engloba el siglo XXI.<\/p>\n<\/p>\n<p>Manifest\u00f3 que,  el PRSC debe volver hacer un gran partido de masas como  lo era hace aproximadamente 10 a\u00f1os atr\u00e1s y volver a tener el esp\u00edritu Balaguerista de trabajo y entrega.<\/p>\n<\/p>\n<p>Adem\u00e1s para que garantice  una opci\u00f3n diferente para la poblaci\u00f3n a la hora de elegir nuevas autoridades en las elecciones de 2020.<\/p>\n<\/p>\n<p>Hernani Aquino habl\u00f3 del tema, al realizar una actividad por motivo de la navidad con dirigentes del partido rojo, en el sector Maria Auxiliadora, Distrito Nacional, circunscripci\u00f3n 3 donde rifo entre los presentes 10 tel\u00e9fonos inteligente.<\/p>\n<h6> 2017-12-10 13:30:52 <\/h6>\n<p><!--\n<link rel=\"stylesheet\" href=\"css\/bootstrap.min.css\">\n\n\n<ul class=\"pagination\">\n\t    \n\t\n\n<li >\n\t<a href='?page_no=7002'>Previous<\/a>\n\t<\/li>\n\n\n       \n    \n\n<li><a href='?page_no=1'>1<\/a><\/li>\n\n\n\n<li><a href='?page_no=2'>2<\/a><\/li>\n\n\n\n<li><a>...<\/a><\/li>\n\n\n\n<li><a href='?page_no=7001'>7001<\/a><\/li>\n\n\n\n<li><a href='?page_no=7002'>7002<\/a><\/li>\n\n\n\n<li class='active'><a>7003<\/a><\/li>\n\n\n\n<li><a href='?page_no=7004'>7004<\/a><\/li>\n\n\n\n<li><a href='?page_no=7005'>7005<\/a><\/li>\n\n\n\n<li><a>...<\/a><\/li>\n\n\n\n<li><a href='?page_no=36999'>36999<\/a><\/li>\n\n\n\n<li><a href='?page_no=37000'>37000<\/a><\/li>\n\n    \n\t\n\n<li >\n\t<a href='?page_no=7004'>Next<\/a>\n\t<\/li>\n\n\n    \n\n<li><a href='?page_no=37000'>Last &rsaquo;&rsaquo;<\/a><\/li>\n\n<\/ul>\n\n\n--><br \/>\n<\/body><\/p>\n","protected":false},"excerpt":{"rendered":"<p>El dirigente reformista Hernani Aquino, asegur\u00f3 que el a\u00f1o 2018 ser\u00e1 trascendental para el Partido Reformista Social Cristiano (PRSC), porque habr\u00e1 cambio en la estructura de la directiva de esa entidad. Aquino sostuvo, que esos cambios transformaran ese partido que en la actualidad no responde a las demandas de la gente y sus dirigentes, sobre [&hellip;]<\/p>\n","protected":false},"author":3,"featured_media":0,"comment_status":"open","ping_status":"open","sticky":false,"template":"","format":"standard","meta":{"footnotes":""},"categories":[22],"tags":[],"class_list":["post-171727","post","type-post","status-publish","format-standard","hentry","category-politica"],"_links":{"self":[{"href":"https:\/\/diariodominicano.com\/index.php?rest_route=\/wp\/v2\/posts\/171727","targetHints":{"allow":["GET"]}}],"collection":[{"href":"https:\/\/diariodominicano.com\/index.php?rest_route=\/wp\/v2\/posts"}],"about":[{"href":"https:\/\/diariodominicano.com\/index.php?rest_route=\/wp\/v2\/types\/post"}],"author":[{"embeddable":true,"href":"https:\/\/diariodominicano.com\/index.php?rest_route=\/wp\/v2\/users\/3"}],"replies":[{"embeddable":true,"href":"https:\/\/diariodominicano.com\/index.php?rest_route=%2Fwp%2Fv2%2Fcomments&post=171727"}],"version-history":[{"count":0,"href":"https:\/\/diariodominicano.com\/index.php?rest_route=\/wp\/v2\/posts\/171727\/revisions"}],"wp:attachment":[{"href":"https:\/\/diariodominicano.com\/index.php?rest_route=%2Fwp%2Fv2%2Fmedia&parent=171727"}],"wp:term":[{"taxonomy":"category","embeddable":true,"href":"https:\/\/diariodominicano.com\/index.php?rest_route=%2Fwp%2Fv2%2Fcategories&post=171727"},{"taxonomy":"post_tag","embeddable":true,"href":"https:\/\/diariodominicano.com\/index.php?rest_route=%2Fwp%2Fv2%2Ftags&post=171727"}],"curies":[{"name":"wp","href":"https:\/\/api.w.org\/{rel}","templated":true}]}}