{"id":171721,"date":"2020-11-28T00:27:59","date_gmt":"2020-11-28T00:27:59","guid":{"rendered":"http:\/\/diariodominicano.ddns.net\/?p=171721"},"modified":"2020-11-28T00:27:59","modified_gmt":"2020-11-28T00:27:59","slug":"gamundi-cordero-el-nombre-de-dionisio-soldevila-esta-escrito-en-la-memoria-imborrable-del-pueblo","status":"publish","type":"post","link":"https:\/\/diariodominicano.com\/?p=171721","title":{"rendered":"Gamundi Cordero: el nombre de Dionisio Soldevila est\u00e1 escrito en la memoria imborrable del pueblo"},"content":{"rendered":"<p><body><\/p>\n<p><img decoding=\"async\" src=\"img3\/dionisio.jpg\" \/>  <\/p>\n<p><strong>Diariodominicano.com<\/strong><\/p>\n<p><strong>Gamundi Cordero afirm\u00f3 el nombre de Dionisio Soldevila est\u00e1 escrito en la memoria imborrable del pueblo <\/strong><\/p>\n<p><strong>SANTO DOMINGO. &#8211;<\/strong>El presidente del Consejo Nacional de Estrategia del Partido Revolucionario Social Dem\u00f3crata (PRSD), Rafael Gamundi Cordero, resalt\u00f3 las cualidades humanas, profesionales, familiares y pol\u00edticas del eminente m\u00e9dico y cient\u00edfico, Dionisio Soldevila, quien falleci\u00f3 el pasado martes, a los 71 a\u00f1os de edad. <\/p>\n<\/p>\n<p>Dijo que el nombre de Soldevila, quien fuera fundador y vicepresidente del PRSD, \u00abest\u00e1 escrito en la memoria imborrable del pueblo dominicano\u00bb. <\/p>\n<\/p>\n<p>\u00abEl doctor Dionisio Soldevila es un ejemplo especial para los dem\u00f3cratas dominicanos. Darle seguimiento a su conducta nos hace cada vez mejores como humanos y revolucionarios\u00bb, expres\u00f3 Gamundi Cordero. <\/p>\n<\/p>\n<p>Dijo que, como cient\u00edfico y catedr\u00e1tico universitario, hizo aportes notables a las ciencias, con descubrimientos reconocidos y aplaudidos por sabios franceses sobre la anatom\u00eda humana, <\/p>\n<\/p>\n<p>Indic\u00f3 que, como m\u00e9dico, fue un excelente cardi\u00f3logo, profesi\u00f3n que ejerci\u00f3 sin af\u00e1n de lucro, sirviendo a la sociedad en cualquier circunstancia. <\/p>\n<\/p>\n<p>Agreg\u00f3 que \u00abcomo pol\u00edtico, \u00abfue un firme militante del socialismo democr\u00e1tico en todos los frentes de lucha nacionales o mundiales y un seguidor insobornable del doctor Jos\u00e9 Francisco Pe\u00f1a G\u00f3mez y el licenciado Hatuey De Camps\u00bb. <\/p>\n<\/p>\n<p>En homenaje p\u00f3stumo a su amigo y compa\u00f1ero de partido, resalt\u00f3 el amor hacia su esposa e hijos. <\/p>\n<\/p>\n<p>\u00abAhora, tus compa\u00f1eros del PRSD, al lado de tus familiares y amigos le damos a tu cuerpo un eterno adi\u00f3s, pero queda con nosotros un alma noble y revolucionaria que no se entierra, sino que vuela cada vez m\u00e1s alto en los cielos de Quisqueya\u00bb, expres\u00f3 Gamundi Cordero. <\/p>\n<\/p>\n<p>Pilar Moreno<\/p>\n<\/p>\n<p>DIRECCION DE COMUNICACIONES <\/p>\n<\/p>\n<p>27 DE NOVIEMBRE DE 2020 <\/p>\n<\/p>\n<h6> 2020-11-28 00:27:59 <\/h6>\n<p><!--\n<link rel=\"stylesheet\" href=\"css\/bootstrap.min.css\">\n\n\n<ul class=\"pagination\">\n\t    \n\t\n\n<li >\n\t<a href='?page_no=6'>Previous<\/a>\n\t<\/li>\n\n\n       \n    \n\n<li><a href='?page_no=1'>1<\/a><\/li>\n\n\n\n<li><a href='?page_no=2'>2<\/a><\/li>\n\n\n\n<li><a>...<\/a><\/li>\n\n\n\n<li><a href='?page_no=5'>5<\/a><\/li>\n\n\n\n<li><a href='?page_no=6'>6<\/a><\/li>\n\n\n\n<li class='active'><a>7<\/a><\/li>\n\n\n\n<li><a href='?page_no=8'>8<\/a><\/li>\n\n\n\n<li><a href='?page_no=9'>9<\/a><\/li>\n\n\n\n<li><a>...<\/a><\/li>\n\n\n\n<li><a href='?page_no=36999'>36999<\/a><\/li>\n\n\n\n<li><a href='?page_no=37000'>37000<\/a><\/li>\n\n    \n\t\n\n<li >\n\t<a href='?page_no=8'>Next<\/a>\n\t<\/li>\n\n\n    \n\n<li><a href='?page_no=37000'>Last &rsaquo;&rsaquo;<\/a><\/li>\n\n<\/ul>\n\n\n--><br \/>\n<\/body><\/p>\n","protected":false},"excerpt":{"rendered":"<p>Diariodominicano.com Gamundi Cordero afirm\u00f3 el nombre de Dionisio Soldevila est\u00e1 escrito en la memoria imborrable del pueblo SANTO DOMINGO. &#8211;El presidente del Consejo Nacional de Estrategia del Partido Revolucionario Social Dem\u00f3crata (PRSD), Rafael Gamundi Cordero, resalt\u00f3 las cualidades humanas, profesionales, familiares y pol\u00edticas del eminente m\u00e9dico y cient\u00edfico, Dionisio Soldevila, quien falleci\u00f3 el pasado martes, [&hellip;]<\/p>\n","protected":false},"author":3,"featured_media":0,"comment_status":"open","ping_status":"open","sticky":false,"template":"","format":"standard","meta":{"footnotes":""},"categories":[22],"tags":[],"class_list":["post-171721","post","type-post","status-publish","format-standard","hentry","category-politica"],"_links":{"self":[{"href":"https:\/\/diariodominicano.com\/index.php?rest_route=\/wp\/v2\/posts\/171721","targetHints":{"allow":["GET"]}}],"collection":[{"href":"https:\/\/diariodominicano.com\/index.php?rest_route=\/wp\/v2\/posts"}],"about":[{"href":"https:\/\/diariodominicano.com\/index.php?rest_route=\/wp\/v2\/types\/post"}],"author":[{"embeddable":true,"href":"https:\/\/diariodominicano.com\/index.php?rest_route=\/wp\/v2\/users\/3"}],"replies":[{"embeddable":true,"href":"https:\/\/diariodominicano.com\/index.php?rest_route=%2Fwp%2Fv2%2Fcomments&post=171721"}],"version-history":[{"count":0,"href":"https:\/\/diariodominicano.com\/index.php?rest_route=\/wp\/v2\/posts\/171721\/revisions"}],"wp:attachment":[{"href":"https:\/\/diariodominicano.com\/index.php?rest_route=%2Fwp%2Fv2%2Fmedia&parent=171721"}],"wp:term":[{"taxonomy":"category","embeddable":true,"href":"https:\/\/diariodominicano.com\/index.php?rest_route=%2Fwp%2Fv2%2Fcategories&post=171721"},{"taxonomy":"post_tag","embeddable":true,"href":"https:\/\/diariodominicano.com\/index.php?rest_route=%2Fwp%2Fv2%2Ftags&post=171721"}],"curies":[{"name":"wp","href":"https:\/\/api.w.org\/{rel}","templated":true}]}}