{"id":171720,"date":"2017-12-10T22:07:51","date_gmt":"2017-12-10T22:07:51","guid":{"rendered":"http:\/\/diariodominicano.ddns.net\/?p=171720"},"modified":"2017-12-10T22:07:51","modified_gmt":"2017-12-10T22:07:51","slug":"la-gran-crisis-del-siglo-xxi","status":"publish","type":"post","link":"https:\/\/diariodominicano.com\/?p=171720","title":{"rendered":"La gran crisis del siglo XXI"},"content":{"rendered":"<p><body><\/p>\n<p><img decoding=\"async\" src=\"img3\/medio-ambientepe.jpg\" \/>  <\/p>\n<p><strong>Jorge Majfud<\/strong><\/p>\n<\/p>\n<\/p>\n<p>Porque el pasado est\u00e1 hacia adelante y el futuro hacia atr\u00e1s, s\u00f3lo podemos ver el primero, con cierta precisi\u00f3n, y apenas sentir el segundo, como una brisa unas veces, como un vendaval otras. Si al menos tuvi\u00e9semos un espejo para poder echar una mirada al futuro&#8230; Pero no. Al menos que ese espejo sea el pasado mismo que, al decir de Mark Twain, no se repite, pero rima.<\/p>\n<\/p>\n<p>Cada vez que alguien se detiene un instante en su marcha atr\u00e1s, se levantan las voces advirtiendo de los peligros, cuando no de la inutilidad, de las predicciones que, de forma despectiva, se etiquetan como futurolog\u00eda.<\/p>\n<\/p>\n<p>Lo primero es cierto: es un intento peligroso. Lo segundo no: no solo es \u00fatil; tambi\u00e9n es una necesidad, si no una obligaci\u00f3n moral.<\/p>\n<\/p>\n<p>Hoy, en 2017, estamos sentados sobre una bomba de tiempo. Mejor dicho, sobre dos, interconectadas.<\/p>\n<\/p>\n<p>La primera es la creciente, excesiva y desproporcionada acumulaci\u00f3n de dinero y, por ende, de poder pol\u00edtico y militar de una minor\u00eda cada vez m\u00e1s minoritaria, tanto a escala global como a escala nacional. Esta acumulaci\u00f3n crecientemente desproporcionada, producto de la espiral que retroalimenta el poder del dinero con el poder pol\u00edtico-medi\u00e1tico y viceversa (din\u00e1mica que produce bolas de nieve primero y avalanchas despu\u00e9s) se agravar\u00e1 a\u00fan m\u00e1s por la automatizaci\u00f3n del trabajo. El desempleo en los pa\u00edses ricos, centros del control financiero, narrativo y militar, aumentar\u00e1 la tensi\u00f3n, no porque la econom\u00eda del mundo rico colapse sino, quiz\u00e1s, por lo contrario. El creciente fascismo y las reacciones micropol\u00edticas de la izquierda con marchas y contramarchas, ser\u00e1n solo s\u00edntomas violentos de un problema mayor.<\/p>\n<\/p>\n<p>La segunda bomba de tiempo, es la grav\u00edsima amenaza ecol\u00f3gica, producto, naturalmente, de la avaricia de esa minor\u00eda y del sistema econ\u00f3mico basado en el consumo y el despilfarro ilimitado, en el desesperado crecimiento del PIB a cualquier costo, aun al costo de la destrucci\u00f3n de los recursos naturales (flora y fauna) y de sus mismos productos (autom\u00f3viles, televisores y seres humanos). El desplazamiento de millones de personas debido al aumento de las aguas y los desiertos, nuevas enfermedades y el creciente costo de la tierra, acelerar\u00e1n la crisis.<\/p>\n<\/p>\n<p>Cualquiera de estas dos bombas de tiempo que estalle primero har\u00e1 estallar a la otra. Entonces, veremos una cat\u00e1strofe mundial sin precedentes.<\/p>\n<\/p>\n<p>La hegemon\u00eda de Estado Unidos, que se asume ser\u00e1 pac\u00edficamente compartida por una sociedad de conveniencia con China, muy probablemente seguir\u00e1 la Trampa de Tucidides, y el evento decisivo, del conflicto y de la derrota militar de la Pax americana, ser\u00e1 un evento de gran magnitud en el \u00e1rea del Pacifico Este. La marina m\u00e1s poderosa del mundo y de la historia, encontrar\u00e1 una derrota material, pol\u00edtica y, sobre todo, simb\u00f3lica. Solo la futura crisis demogr\u00e1fica en China (el envejecimiento de la poblaci\u00f3n y las anacr\u00f3nicas pol\u00edticas de inmigraci\u00f3n y la desconformidad de una generaci\u00f3n acostumbrada al crecimiento econ\u00f3mico) podr\u00eda retrasar este acontecimiento por d\u00e9cadas.<\/p>\n<\/p>\n<p>El panorama, por donde se lo mire, no es alentador. Quiz\u00e1s de ah\u00ed el cerrado negacionismo de quienes est\u00e1n hoy en el poder. Ese negacionismo ciego en todas las esferas est\u00e1 hoy representado por el presidente de Estados Unidos, Donald Trump, y por las corrientes nacionalistas y neo racistas, precisamente cuando el problema es global. La presidencia de este pa\u00eds podr\u00e1 ser reemplazada por un candidato de la izquierda, en el 2020 o en el 2024, pero no ser\u00e1 suficiente para detener el desarrollo de los acontecimientos ya desencadenados. Por el contrario, ser\u00e1 una forma de renovar la esperanza en un sistema y en un orden mundial que est\u00e1 llegando a su fin de forma dram\u00e1tica.<\/p>\n<\/p>\n<p>Si bien es necesario continuar luchando por las causas justas de las micro pol\u00edticas, como los derechos de g\u00e9nero en el uso de ba\u00f1os p\u00fablicos (que para los individuos no tiene nada de \u00abmicro\u00bb), etc., ninguna de estas medidas y ninguna de estas luchas nos salvar\u00e1 de una cat\u00e1strofe mayor. Cuando ya no haya tierra, agua, alimentos, leyes, cuando los individuos y los pueblos est\u00e9n luchando por sobrevivir de la forma m\u00e1s desesperada y ego\u00edsta posible, a nadie le importar\u00e1n las causas de la micro pol\u00edtica.<\/p>\n<\/p>\n<p>Lo bueno es que, si bien el pasado no se puede cambiar de forma honesta, el futuro s\u00ed. Pero para hacerlo primero debemos tomar conciencia de la gravedad de la situaci\u00f3n. Si realmente vamos caminando hacia atr\u00e1s, rumbo hacia el abismo, el simple acto de detenerse un momento para pensar en un cambio de rumbo, parece lo m\u00e1s razonable.<\/p>\n<\/p>\n<p>&#8211; Jorge Majfud es escritor uruguayo estadounidense, autor de Crisis y otras novelas<\/p>\n<\/p>\n<p>https:\/\/www.alainet.org\/es\/articulo\/189720<\/p>\n<\/p>\n<p>Del mismo autor<\/p>\n<\/p>\n<p>La gran crisis del siglo XXI    08\/12\/2017<\/p>\n<p>La culpa es de los intelectuales    07\/11\/2017<\/p>\n<p>\u00bfSon neutrales las redes sociales?    19\/10\/2017<\/p>\n<p>Che, el demonio seg\u00fan los demonios    10\/10\/2017<\/p>\n<p>Pensamiento cr\u00edtico    25\/09\/2017<\/p>\n<p>La culpa es de los pobres    18\/09\/2017<\/p>\n<p>Cuando la historia se anuncia en una peque\u00f1a aldea    17\/08\/2017<\/p>\n<p>Ricos de izquierda, pobres de derecha    09\/08\/2017<\/p>\n<p>La \u00abredistribuci\u00f3n\u00bb de la riqueza    02\/08\/2017<\/p>\n<p>La narratura? ?del capitalismo    28\/07\/2017<\/p>\n<h6> 2017-12-10 22:07:51 <\/h6>\n<p><!--\n<link rel=\"stylesheet\" href=\"css\/bootstrap.min.css\">\n\n\n<ul class=\"pagination\">\n\t    \n\t\n\n<li >\n\t<a href='?page_no=6998'>Previous<\/a>\n\t<\/li>\n\n\n       \n    \n\n<li><a href='?page_no=1'>1<\/a><\/li>\n\n\n\n<li><a href='?page_no=2'>2<\/a><\/li>\n\n\n\n<li><a>...<\/a><\/li>\n\n\n\n<li><a href='?page_no=6997'>6997<\/a><\/li>\n\n\n\n<li><a href='?page_no=6998'>6998<\/a><\/li>\n\n\n\n<li class='active'><a>6999<\/a><\/li>\n\n\n\n<li><a href='?page_no=7000'>7000<\/a><\/li>\n\n\n\n<li><a href='?page_no=7001'>7001<\/a><\/li>\n\n\n\n<li><a>...<\/a><\/li>\n\n\n\n<li><a href='?page_no=36999'>36999<\/a><\/li>\n\n\n\n<li><a href='?page_no=37000'>37000<\/a><\/li>\n\n    \n\t\n\n<li >\n\t<a href='?page_no=7000'>Next<\/a>\n\t<\/li>\n\n\n    \n\n<li><a href='?page_no=37000'>Last &rsaquo;&rsaquo;<\/a><\/li>\n\n<\/ul>\n\n\n--><br \/>\n<\/body><\/p>\n","protected":false},"excerpt":{"rendered":"<p>Jorge Majfud Porque el pasado est\u00e1 hacia adelante y el futuro hacia atr\u00e1s, s\u00f3lo podemos ver el primero, con cierta precisi\u00f3n, y apenas sentir el segundo, como una brisa unas veces, como un vendaval otras. Si al menos tuvi\u00e9semos un espejo para poder echar una mirada al futuro&#8230; Pero no. Al menos que ese espejo [&hellip;]<\/p>\n","protected":false},"author":3,"featured_media":0,"comment_status":"open","ping_status":"open","sticky":false,"template":"","format":"standard","meta":{"footnotes":""},"categories":[22],"tags":[],"class_list":["post-171720","post","type-post","status-publish","format-standard","hentry","category-politica"],"_links":{"self":[{"href":"https:\/\/diariodominicano.com\/index.php?rest_route=\/wp\/v2\/posts\/171720","targetHints":{"allow":["GET"]}}],"collection":[{"href":"https:\/\/diariodominicano.com\/index.php?rest_route=\/wp\/v2\/posts"}],"about":[{"href":"https:\/\/diariodominicano.com\/index.php?rest_route=\/wp\/v2\/types\/post"}],"author":[{"embeddable":true,"href":"https:\/\/diariodominicano.com\/index.php?rest_route=\/wp\/v2\/users\/3"}],"replies":[{"embeddable":true,"href":"https:\/\/diariodominicano.com\/index.php?rest_route=%2Fwp%2Fv2%2Fcomments&post=171720"}],"version-history":[{"count":0,"href":"https:\/\/diariodominicano.com\/index.php?rest_route=\/wp\/v2\/posts\/171720\/revisions"}],"wp:attachment":[{"href":"https:\/\/diariodominicano.com\/index.php?rest_route=%2Fwp%2Fv2%2Fmedia&parent=171720"}],"wp:term":[{"taxonomy":"category","embeddable":true,"href":"https:\/\/diariodominicano.com\/index.php?rest_route=%2Fwp%2Fv2%2Fcategories&post=171720"},{"taxonomy":"post_tag","embeddable":true,"href":"https:\/\/diariodominicano.com\/index.php?rest_route=%2Fwp%2Fv2%2Ftags&post=171720"}],"curies":[{"name":"wp","href":"https:\/\/api.w.org\/{rel}","templated":true}]}}