{"id":171718,"date":"2017-12-11T09:21:22","date_gmt":"2017-12-11T09:21:22","guid":{"rendered":"http:\/\/diariodominicano.ddns.net\/?p=171718"},"modified":"2017-12-11T09:21:22","modified_gmt":"2017-12-11T09:21:22","slug":"leonel-participara-en-evento-de-alto-nivel-en-quito","status":"publish","type":"post","link":"https:\/\/diariodominicano.com\/?p=171718","title":{"rendered":"Leonel participar\u00e1 en evento de alto nivel en Quito"},"content":{"rendered":"<p><body><\/p>\n<p><img decoding=\"async\" src=\"img3\/Leo.jpeg\" \/>  <\/p>\n<p><span class=\"text1noticias\">Santo Domingo, R. D., 11 de diciembre, 2017.- EL expresidente de la Rep\u00fablica, doctor Leonel Fern\u00e1ndez, viaj\u00f3 este domingo a Quito para participar en el encuentro de alto nivel, Dialogo y Cultura de Paz, elementos centrales para el  multilateralismo, al que tambi\u00e9n asistir\u00e1n otras personalidades mundiales, invitadas por el gobierno ecuatoriano y el G77+China, cuya presidencia ostenta en estos momentos Ecuador en la persona de su canciller, la ministro de Relaciones Exteriores y Movilidad Humana, Mar\u00eda Fernanda Espinosa.<\/span><\/p>\n<p><span class=\"text1noticias\"> <\/span><\/p>\n<p><span class=\"text1noticias\">\tEn este evento se debatir\u00e1n cuatro ejes estrat\u00e9gicos de inter\u00e9s para los pa\u00edses en desarrollo: conflictos geopol\u00edticosy cultura de paz; justicia fiscal y financiamiento para el desarrollo; cambio clim\u00e1tico y futuro del planeta; y<\/span><\/p>\n<p><span class=\"text1noticias\">movilidad humana y migraci\u00f3n.<\/span><\/p>\n<p><span class=\"text1noticias\"> <\/span><\/p>\n<p><span class=\"text1noticias\">\tEl ex mandatario dominicano participar\u00e1 en el panel sobre conflictos geopol\u00edticos y cultura de paz, junto a otras destacadas figuras mundiales como son, Ignacio Ramonet, reconocido escritor y periodista; Mohammed Ameermia, comisionado de Derechos Humanos de Sud\u00e1frica; Humberto Sierra Porto, juez de la Corte Interamericana de Derechos Humanos y Beatrice Fihn, directora ejecutiva de la Campa\u00f1a Internacional para abolir las armas nucleares, que gan\u00f3 el Premio Nobel de la Paz 2017.<\/span><\/p>\n<p><span class=\"text1noticias\"> <\/span><\/p>\n<p><span class=\"text1noticias\">\tEn el evento tambi\u00e9n participar\u00e1n, la secretaria general adjunta de Naciones Unidas, Amina Mohammed; el alto comisionado para Operaciones del Alto Comisionado de las Naciones Unidas para los Refugiados, George OkothObbo; y la directora de programa de ONU Mujeres, Mar\u00eda Noel Vaeza-Ogilvie, entre otras personalidades.<\/span><\/p>\n<p><span class=\"text1noticias\"> <\/span><\/p>\n<p><span class=\"text1noticias\">\tEl evento surge de un mandato de la II Cumbre del Sur, celebrada en Doha, Katar, en 2005, que encomend\u00f3 a Ecuador como presidente del G77+China y orden\u00f3 crear un grupo de alto nivel con personalidades eminentes del Sur para proporcionar un marco de opciones de desarrollo y apoyar la participaci\u00f3n e integraci\u00f3n de los pa\u00edses en la econom\u00eda mundial en el contexto del multilateralismo y promover la cooperaci\u00f3n sur-sur.<\/span><\/p>\n<\/p>\n<p><span class=\"text1noticias\">\tLa reuni\u00f3n se desarrolla en el Centro Internacional de Estudios Superiores de Comunicaci\u00f3n para Am\u00e9rica Latina (CIESPPAL).<\/span><\/p>\n<\/p>\n<p><span class=\"text1noticias\">\tEl programa comprende temas referentes a la b\u00fasqueda de la convivencia pac\u00edfica, el desarme nuclear, la salida de bases militares extranjeras y la renuncia a la guerra como mecanismo de soluci\u00f3n de conflictos. Tambi\u00e9n proyecta analizar sugerencias de car\u00e1cter global para la cooperaci\u00f3n internacional en materia fiscal, temas vinculados a la posibilidad de financiar y cumplir adecuadamente con los Objetivos de Desarrollo del Milenio y otros compromisos referentes a los derechos humanos.<\/span><\/p>\n<\/p>\n<p><span class=\"text1noticias\">Entre los t\u00f3picos sujetos a debate en el evento est\u00e1 el tema de la movilidad humana, especialmente lo relativo al combate a la xenofobia, el aporte de los migrantes y la necesidad de construir un pacto mundial para una migraci\u00f3n segura, ordenada y re<\/span>gular.<\/p>\n<\/p>\n<p><span class=\"text1noticias\">Fuente: Annia Valdez<\/span><\/p>\n<p><span class=\"text1noticias\">Encargada de prensa del doctor Leonel Fern\u00e1ndez<\/span><\/p>\n<p><span class=\"text1noticias\">Fundaci\u00f3n Global Democracia y Desarrollo (FUNGLODE)<\/span><\/p>\n<h6> 2017-12-11 09:21:22 <\/h6>\n<p><!--\n<link rel=\"stylesheet\" href=\"css\/bootstrap.min.css\">\n\n\n<ul class=\"pagination\">\n\t    \n\t\n\n<li >\n\t<a href='?page_no=6996'>Previous<\/a>\n\t<\/li>\n\n\n       \n    \n\n<li><a href='?page_no=1'>1<\/a><\/li>\n\n\n\n<li><a href='?page_no=2'>2<\/a><\/li>\n\n\n\n<li><a>...<\/a><\/li>\n\n\n\n<li><a href='?page_no=6995'>6995<\/a><\/li>\n\n\n\n<li><a href='?page_no=6996'>6996<\/a><\/li>\n\n\n\n<li class='active'><a>6997<\/a><\/li>\n\n\n\n<li><a href='?page_no=6998'>6998<\/a><\/li>\n\n\n\n<li><a href='?page_no=6999'>6999<\/a><\/li>\n\n\n\n<li><a>...<\/a><\/li>\n\n\n\n<li><a href='?page_no=36999'>36999<\/a><\/li>\n\n\n\n<li><a href='?page_no=37000'>37000<\/a><\/li>\n\n    \n\t\n\n<li >\n\t<a href='?page_no=6998'>Next<\/a>\n\t<\/li>\n\n\n    \n\n<li><a href='?page_no=37000'>Last &rsaquo;&rsaquo;<\/a><\/li>\n\n<\/ul>\n\n\n--><br \/>\n<\/body><\/p>\n","protected":false},"excerpt":{"rendered":"<p>Santo Domingo, R. D., 11 de diciembre, 2017.- EL expresidente de la Rep\u00fablica, doctor Leonel Fern\u00e1ndez, viaj\u00f3 este domingo a Quito para participar en el encuentro de alto nivel, Dialogo y Cultura de Paz, elementos centrales para el multilateralismo, al que tambi\u00e9n asistir\u00e1n otras personalidades mundiales, invitadas por el gobierno ecuatoriano y el G77+China, cuya [&hellip;]<\/p>\n","protected":false},"author":3,"featured_media":0,"comment_status":"open","ping_status":"open","sticky":false,"template":"","format":"standard","meta":{"footnotes":""},"categories":[22],"tags":[],"class_list":["post-171718","post","type-post","status-publish","format-standard","hentry","category-politica"],"_links":{"self":[{"href":"https:\/\/diariodominicano.com\/index.php?rest_route=\/wp\/v2\/posts\/171718","targetHints":{"allow":["GET"]}}],"collection":[{"href":"https:\/\/diariodominicano.com\/index.php?rest_route=\/wp\/v2\/posts"}],"about":[{"href":"https:\/\/diariodominicano.com\/index.php?rest_route=\/wp\/v2\/types\/post"}],"author":[{"embeddable":true,"href":"https:\/\/diariodominicano.com\/index.php?rest_route=\/wp\/v2\/users\/3"}],"replies":[{"embeddable":true,"href":"https:\/\/diariodominicano.com\/index.php?rest_route=%2Fwp%2Fv2%2Fcomments&post=171718"}],"version-history":[{"count":0,"href":"https:\/\/diariodominicano.com\/index.php?rest_route=\/wp\/v2\/posts\/171718\/revisions"}],"wp:attachment":[{"href":"https:\/\/diariodominicano.com\/index.php?rest_route=%2Fwp%2Fv2%2Fmedia&parent=171718"}],"wp:term":[{"taxonomy":"category","embeddable":true,"href":"https:\/\/diariodominicano.com\/index.php?rest_route=%2Fwp%2Fv2%2Fcategories&post=171718"},{"taxonomy":"post_tag","embeddable":true,"href":"https:\/\/diariodominicano.com\/index.php?rest_route=%2Fwp%2Fv2%2Ftags&post=171718"}],"curies":[{"name":"wp","href":"https:\/\/api.w.org\/{rel}","templated":true}]}}