{"id":171716,"date":"2017-12-11T11:47:07","date_gmt":"2017-12-11T11:47:07","guid":{"rendered":"http:\/\/diariodominicano.ddns.net\/?p=171716"},"modified":"2017-12-11T11:47:07","modified_gmt":"2017-12-11T11:47:07","slug":"celebran-en-nueva-york-navidad-con-luis-abinader-2017","status":"publish","type":"post","link":"https:\/\/diariodominicano.com\/?p=171716","title":{"rendered":"Celebran en Nueva York: Navidad con Luis Abinader 2017&#8243;"},"content":{"rendered":"<p><body><\/p>\n<p><img decoding=\"async\" src=\"img3\/abinade.jpg\" \/>  <\/p>\n<p>Se comprometen a que en el a\u00f1o 2020 en el Palacio Nacional de RD habr\u00e1 un presidente del pueblo<\/p>\n<\/p>\n<p>Por Luis An\u00edbal Medrano S.<\/p>\n<\/p>\n<p>NUEVA YORK.- La direcci\u00f3n pol\u00edtica de ultramar del proyecto Luis Abinader Presidente 2020, realiz\u00f3 un encuentro navide\u00f1o con la dirigencia de las seccionales de Nueva York, Connecticut, Massachusetts, Rhode Island, y Long Island donde pasaron revista a la situaci\u00f3n del mencionado proyecto en estas demarcaciones norteamericanas.<\/p>\n<\/p>\n<p>Margarito Carlos De Le\u00f3n, Coordinador General de Ultramar del proyecto, asegur\u00f3 que Luis Abinader tiene un norte, un objetivo fundamental que es ser el redentor de la actividad pol\u00edtica dominicana, donde la \u00e9tica, la honradez, la honestidad y la integridad sean los atributos que aquilaten a todos los hombres y mujeres que aspire a administrar fondos p\u00fablicos.<\/p>\n<\/p>\n<p>El dirigente pol\u00edtico asegur\u00f3 que el aspirante presidencial Luis Abinader no usar\u00e1 su mayor\u00eda para aplastar, avasallar, ni siquiera para amedrentar a sus competidores internos y record\u00f3 que provocaciones han habido de sobra pero que este contin\u00faa actuado propositivo, manejando las contradicciones armado de paciencia y de extrema prudencia.<\/p>\n<\/p>\n<p>Llam\u00f3 a los integrantes de la corriente pol\u00edtica de Luis Abinader a lo interno del Partido Revolucionario Moderno (PRM), a que act\u00faen con prudencia ya que a pesar de los grandes retos, el inmediato principal  es salir fortalecido y unificado de la pr\u00f3xima convenci\u00f3n, record\u00e1ndole que la clave del \u00e9xito est\u00e1 contenida en \u00abEl Arte de la Prudencia\u00bb.<\/p>\n<\/p>\n<p>Asever\u00f3 que la mayor\u00eda se construye asumiendo compromisos y defini\u00f3 como necesitar\u00eda la participaci\u00f3n del ej\u00e9rcito de voluntarios en la b\u00fasqueda del poder ya que es significativo su aporte a la lucha, por m\u00e1s m\u00ednimo que sea.<\/p>\n<\/p>\n<p>Entiende De Le\u00f3n que aun no ha llegado al PRM la poblaci\u00f3n dominicana que llevar\u00e1 a Luis Abinader al gobierno por lo que demand\u00f3 la continuaci\u00f3n de la apertura de las puertas de par en par de la organizaci\u00f3n, pero manteniendo la disciplina vertical ya que a su juicio donde la horizontalidad prevalece el caos se hace presente.<\/p>\n<\/p>\n<p>\u00abQuiz\u00e1s los que estamos aqu\u00ed que no tenemos problema con la energ\u00eda el\u00e9ctrica, la inseguridad, con los ingresos garantizados de una u otra manera, pero lo que est\u00e1n  en la Rep\u00fablica Dominicana, amigos y familiares no pueden esperar y para seguir siendo solidarios con ellos debemos hacer las cosas bien aqu\u00ed, pol\u00edticamente hablando\u00bb, recalc\u00f3 De Le\u00f3n.  <\/p>\n<\/p>\n<p>En ese sentido anunci\u00f3 la llegada del licenciado Tony Raful, presidente de la Comisi\u00f3n Nacional Organizadora de la convenci\u00f3n ordinaria Claudio Caama\u00f1o Grull\u00f3n, del Partido Revolucionario Moderno (PRM) para el pr\u00f3ximo s\u00e1bado 16 de diciembre con orientaciones claras y precisas para la continuaci\u00f3n de los aprestos convencionales, de los cuales mostr\u00f3 seguridad de que dicho proceso ser\u00e1 ejemplar.<\/p>\n<\/p>\n<p>Llam\u00f3 a sacar al PRM de los locales y conectarlo con el pueblo, buscando simpatizantes donde quiera que accionen los dominicanos ya que a su entender es de importancia capital conectar la organizaci\u00f3n con la sociedad para de esta manera fortalecer la organizaci\u00f3n pol\u00edtica opositora.<\/p>\n<\/p>\n<p>Pidi\u00f3 a Dios que ilumine la mente de todos los compa\u00f1eros de la corriente de Luis Abinader dentro del PRM para que se aplique su mandato de amar los unos a los otros y que juntos de las manos se comprometan a salir con la fuerza redentora de la verdad y la raz\u00f3n a ganar todas las convenciones a lo interno y de ah\u00ed como un solo hombre y una sola mujer marchar de una vez y para siempre a la toma del poder de manera pac\u00edfica en la Rep\u00fablica Dominicana y poner en el Palacio Nacional a un hombre que dignifica la pol\u00edtica dominicana, Luis Abinader.    <\/p>\n<\/p>\n<p>Durante el encuentro tambi\u00e9n hablaron Emigdio Moronta, Coordinador General Internacional de Organizaci\u00f3n del LAP y Sub Secretario General del PRM; Margarita Pichardo, Coordinadora del LAP en Nueva York y Secretaria General del PRM en esa urbe y Alejandro Rodr\u00edguez, tambi\u00e9n Coordinador del LAP en Nueva York.  La invocaci\u00f3n a Dios para la bendici\u00f3n del encuentro estuvo a cargo George Robles y un comit\u00e9 especial compuesto por Bernardo Arias, Rafaela G\u00f3mez, Silvestre Rodr\u00edguez, Freddy Moreta, Daniel Jaquez, Susana Fr\u00edas, Dulce Collado, Maritza B\u00e1ez, Francisco Roa, Pedro Aguiar y Ram\u00f3n Valerio, estuvo la responsabilidad de la realizaci\u00f3n del encuentro navide\u00f1o pol\u00edtico.<\/p>\n<h6> 2017-12-11 11:47:07 <\/h6>\n<p><!--\n<link rel=\"stylesheet\" href=\"css\/bootstrap.min.css\">\n\n\n<ul class=\"pagination\">\n\t    \n\t\n\n<li >\n\t<a href='?page_no=6994'>Previous<\/a>\n\t<\/li>\n\n\n       \n    \n\n<li><a href='?page_no=1'>1<\/a><\/li>\n\n\n\n<li><a href='?page_no=2'>2<\/a><\/li>\n\n\n\n<li><a>...<\/a><\/li>\n\n\n\n<li><a href='?page_no=6993'>6993<\/a><\/li>\n\n\n\n<li><a href='?page_no=6994'>6994<\/a><\/li>\n\n\n\n<li class='active'><a>6995<\/a><\/li>\n\n\n\n<li><a href='?page_no=6996'>6996<\/a><\/li>\n\n\n\n<li><a href='?page_no=6997'>6997<\/a><\/li>\n\n\n\n<li><a>...<\/a><\/li>\n\n\n\n<li><a href='?page_no=36999'>36999<\/a><\/li>\n\n\n\n<li><a href='?page_no=37000'>37000<\/a><\/li>\n\n    \n\t\n\n<li >\n\t<a href='?page_no=6996'>Next<\/a>\n\t<\/li>\n\n\n    \n\n<li><a href='?page_no=37000'>Last &rsaquo;&rsaquo;<\/a><\/li>\n\n<\/ul>\n\n\n--><br \/>\n<\/body><\/p>\n","protected":false},"excerpt":{"rendered":"<p>Se comprometen a que en el a\u00f1o 2020 en el Palacio Nacional de RD habr\u00e1 un presidente del pueblo Por Luis An\u00edbal Medrano S. NUEVA YORK.- La direcci\u00f3n pol\u00edtica de ultramar del proyecto Luis Abinader Presidente 2020, realiz\u00f3 un encuentro navide\u00f1o con la dirigencia de las seccionales de Nueva York, Connecticut, Massachusetts, Rhode Island, y [&hellip;]<\/p>\n","protected":false},"author":3,"featured_media":0,"comment_status":"open","ping_status":"open","sticky":false,"template":"","format":"standard","meta":{"footnotes":""},"categories":[22],"tags":[],"class_list":["post-171716","post","type-post","status-publish","format-standard","hentry","category-politica"],"_links":{"self":[{"href":"https:\/\/diariodominicano.com\/index.php?rest_route=\/wp\/v2\/posts\/171716","targetHints":{"allow":["GET"]}}],"collection":[{"href":"https:\/\/diariodominicano.com\/index.php?rest_route=\/wp\/v2\/posts"}],"about":[{"href":"https:\/\/diariodominicano.com\/index.php?rest_route=\/wp\/v2\/types\/post"}],"author":[{"embeddable":true,"href":"https:\/\/diariodominicano.com\/index.php?rest_route=\/wp\/v2\/users\/3"}],"replies":[{"embeddable":true,"href":"https:\/\/diariodominicano.com\/index.php?rest_route=%2Fwp%2Fv2%2Fcomments&post=171716"}],"version-history":[{"count":0,"href":"https:\/\/diariodominicano.com\/index.php?rest_route=\/wp\/v2\/posts\/171716\/revisions"}],"wp:attachment":[{"href":"https:\/\/diariodominicano.com\/index.php?rest_route=%2Fwp%2Fv2%2Fmedia&parent=171716"}],"wp:term":[{"taxonomy":"category","embeddable":true,"href":"https:\/\/diariodominicano.com\/index.php?rest_route=%2Fwp%2Fv2%2Fcategories&post=171716"},{"taxonomy":"post_tag","embeddable":true,"href":"https:\/\/diariodominicano.com\/index.php?rest_route=%2Fwp%2Fv2%2Ftags&post=171716"}],"curies":[{"name":"wp","href":"https:\/\/api.w.org\/{rel}","templated":true}]}}