{"id":171715,"date":"2017-12-11T12:30:39","date_gmt":"2017-12-11T12:30:39","guid":{"rendered":"http:\/\/diariodominicano.ddns.net\/?p=171715"},"modified":"2017-12-11T12:30:39","modified_gmt":"2017-12-11T12:30:39","slug":"abogado-felix-portes-asegura-anuncio-de-juicio-politico-a-medina-es-populismo-penal","status":"publish","type":"post","link":"https:\/\/diariodominicano.com\/?p=171715","title":{"rendered":"Abogado F\u00e9lix Portes asegura anuncio de Juicio Pol\u00edtico a Medina es populismo penal"},"content":{"rendered":"<p><body><\/p>\n<p><img decoding=\"async\" src=\"img3\/somemedi.jpg\" \/>  <\/p>\n<p>\u00abUn sometimiento lo puede solicitar hasta un ni\u00f1o de cinco a\u00f1os, eso lo puede hacer cualquier persona que no sea ducho en las leyes. Pero entiendo yo que, si se quiere hacer un sometimiento a un juicio pol\u00edtico, deben tener pruebas, no es solamente querer hacer un bum medi\u00e1tico. Entiendo que, si ellos van a hacer una solicitud de esa envergadura, deben tener proporcionalmente la cantidad de pruebas que necesitan para poder llevarlo al congreso\u00bb.<\/p>\n<\/p>\n<p>En estos t\u00e9rminos se expres\u00f3 el abogado F\u00e9lix Portes al ser consultado sobre el anuncio que hiciera Marcha Verde en los alrededores del Congreso Nacional de que solicitar\u00eda el Juicio Pol\u00edtico para el presidente de la Rep\u00fablica, licenciado Danilo Medina, durante la entrevista que Amaury Reyna y F\u00e9lix Lajara le realizaran en el espacio televisivo Al Filo, que se transmite cada domingo a las 11:00am por el Canal 25.<\/p>\n<\/p>\n<p>Portes dijo adem\u00e1s que \u00ab&#8230;antes de hablar de esa solicitud que ellos hacen, lo primero que deben hacer es buscar un grupo de juristas y presentarles qu\u00e9 pruebas hay en contra del presidente, para ver si es factible y as\u00ed entonces someterlo a un juicio pol\u00edtico\u00bb.<\/p>\n<\/p>\n<p>Al asegurar que hablar de someter es un populismo penal, el abogado F\u00e9lix Portes reconoci\u00f3 que, aunque tenemos problemas con temas como el de la corrupci\u00f3n en el pa\u00eds, con casos abiertos como el de OMSA, Odebrecht y otros, estos no deben ser usados de una forma alegre, para hacer pronunciamientos.<\/p>\n<\/p>\n<p>Para el jurista, antes de ser anunciado el sometimiento a Juicio Pol\u00edtico del presidente Danilo Medina, activistas de Marcha Verde, debieron buscar abogados y luego de  hacer una investigaci\u00f3n e identificar los v\u00ednculos que tiene o no el presidente Medina con los hechos que ellos le atribuyen.<\/p>\n<\/p>\n<p>Al ser cuestionado sobre su participaci\u00f3n en actividades del movimiento social Marcha Verde, el Portes expres\u00f3 que \u00abtodos queremos el fin de la corrupci\u00f3n, porque ella afecta la educaci\u00f3n, salud, etc., pero no podemos montarnos en ese barco y hacer desde all\u00ed pronunciamientos alegres\u00bb.<\/p>\n<\/p>\n<p>SOBRE LAS PRIMARIAS EN LOS PARTIDOS POLITICOS.<\/p>\n<p>Al ser consultado sobre si las primarias abiertas son constitucionales o no, el jurista asegur\u00f3 que quienes promueven que las primarias en los Partidos sean celebradas con padr\u00f3n cerrado tienen un inter\u00e9s marcado.  Portes dijo adem\u00e1s que, \u00ab&#8230;los que solicitan o quieren primarias cerradas, es porque ellos hicieron el padr\u00f3n y este no ha cambiado\u00bb.<\/p>\n<\/p>\n<p>Durante la entrevista, Portes afirm\u00f3 adem\u00e1s que quienes promueven que en los Partidos se utilice el m\u00e9todo de Padr\u00f3n Abierto, buscan que quienes no han tenido la oportunidad de inscribirse en sus Partidos puedan votar en procesos. Como aspecto negativo destac\u00f3 que quienes lo promueven, buscan \u00abapabullar\u00bb en procesos utilizando el poder del dinero.<\/p>\n<\/p>\n<p>Al Filo es un informativo semanal que se transmite cada domingo por el Canal 25, a las 11:00 de la ma\u00f1ana y que es conducido por Amaury Reyna y F\u00e9lix Lajara. Las declaraciones del abogado F\u00e9lix Portes se produjeron durante la entrevista que le fuera realizada el pasado domingo en ese espacio.<\/p>\n<h6> 2017-12-11 12:30:39 <\/h6>\n<p><!--\n<link rel=\"stylesheet\" href=\"css\/bootstrap.min.css\">\n\n\n<ul class=\"pagination\">\n\t    \n\t\n\n<li >\n\t<a href='?page_no=6993'>Previous<\/a>\n\t<\/li>\n\n\n       \n    \n\n<li><a href='?page_no=1'>1<\/a><\/li>\n\n\n\n<li><a href='?page_no=2'>2<\/a><\/li>\n\n\n\n<li><a>...<\/a><\/li>\n\n\n\n<li><a href='?page_no=6992'>6992<\/a><\/li>\n\n\n\n<li><a href='?page_no=6993'>6993<\/a><\/li>\n\n\n\n<li class='active'><a>6994<\/a><\/li>\n\n\n\n<li><a href='?page_no=6995'>6995<\/a><\/li>\n\n\n\n<li><a href='?page_no=6996'>6996<\/a><\/li>\n\n\n\n<li><a>...<\/a><\/li>\n\n\n\n<li><a href='?page_no=36999'>36999<\/a><\/li>\n\n\n\n<li><a href='?page_no=37000'>37000<\/a><\/li>\n\n    \n\t\n\n<li >\n\t<a href='?page_no=6995'>Next<\/a>\n\t<\/li>\n\n\n    \n\n<li><a href='?page_no=37000'>Last &rsaquo;&rsaquo;<\/a><\/li>\n\n<\/ul>\n\n\n--><br \/>\n<\/body><\/p>\n","protected":false},"excerpt":{"rendered":"<p>\u00abUn sometimiento lo puede solicitar hasta un ni\u00f1o de cinco a\u00f1os, eso lo puede hacer cualquier persona que no sea ducho en las leyes. Pero entiendo yo que, si se quiere hacer un sometimiento a un juicio pol\u00edtico, deben tener pruebas, no es solamente querer hacer un bum medi\u00e1tico. Entiendo que, si ellos van a [&hellip;]<\/p>\n","protected":false},"author":3,"featured_media":0,"comment_status":"open","ping_status":"open","sticky":false,"template":"","format":"standard","meta":{"footnotes":""},"categories":[22],"tags":[],"class_list":["post-171715","post","type-post","status-publish","format-standard","hentry","category-politica"],"_links":{"self":[{"href":"https:\/\/diariodominicano.com\/index.php?rest_route=\/wp\/v2\/posts\/171715","targetHints":{"allow":["GET"]}}],"collection":[{"href":"https:\/\/diariodominicano.com\/index.php?rest_route=\/wp\/v2\/posts"}],"about":[{"href":"https:\/\/diariodominicano.com\/index.php?rest_route=\/wp\/v2\/types\/post"}],"author":[{"embeddable":true,"href":"https:\/\/diariodominicano.com\/index.php?rest_route=\/wp\/v2\/users\/3"}],"replies":[{"embeddable":true,"href":"https:\/\/diariodominicano.com\/index.php?rest_route=%2Fwp%2Fv2%2Fcomments&post=171715"}],"version-history":[{"count":0,"href":"https:\/\/diariodominicano.com\/index.php?rest_route=\/wp\/v2\/posts\/171715\/revisions"}],"wp:attachment":[{"href":"https:\/\/diariodominicano.com\/index.php?rest_route=%2Fwp%2Fv2%2Fmedia&parent=171715"}],"wp:term":[{"taxonomy":"category","embeddable":true,"href":"https:\/\/diariodominicano.com\/index.php?rest_route=%2Fwp%2Fv2%2Fcategories&post=171715"},{"taxonomy":"post_tag","embeddable":true,"href":"https:\/\/diariodominicano.com\/index.php?rest_route=%2Fwp%2Fv2%2Ftags&post=171715"}],"curies":[{"name":"wp","href":"https:\/\/api.w.org\/{rel}","templated":true}]}}