{"id":171714,"date":"2017-12-11T12:42:20","date_gmt":"2017-12-11T12:42:20","guid":{"rendered":"http:\/\/diariodominicano.ddns.net\/?p=171714"},"modified":"2025-03-31T22:09:11","modified_gmt":"2025-04-01T02:09:11","slug":"diputado-rafael-mendez-considera-alarmante-desercion-escolar-en-primaria","status":"publish","type":"post","link":"https:\/\/diariodominicano.com\/?p=171714","title":{"rendered":"Diputado Rafael M\u00e9ndez considera alarmante deserci\u00f3n escolar en primaria"},"content":{"rendered":"<p><body><\/p>\n<p><img decoding=\"async\" src=\"img3\/deser.jpg\" \/>  <\/p>\n<p>NEYBA: El diputado Rafael M\u00e9ndez calific\u00f3 de alarmante y como una modalidad de \u00abmortalidad escolar\u00bb, los datos arrojados por una<\/p>\n<p>investigaci\u00f3n realizada por el ente oficial Instituto Dominicano de Evaluaci\u00f3n e Investigaci\u00f3n de la Calidad Educativa (Ideice), en el que<\/p>\n<p>se establece que de cada mil estudiantes que ingresan al primero de primaria s\u00f3lo 300 terminan el bachillerato.<\/p>\n<\/p>\n<p>El referido estudio, dado a conocer recientemente por el licenciado Julio Leonardo Valeir\u00f3n, director ejecutivo de Ideice, indica, adem\u00e1s,<\/p>\n<p>que los j\u00f3venes que desertan del sistema educativo son los que engrosan las filas de la delincuencia y la criminalidad, y son los mismos que reproducen los patrones de violencia de su entorno social.<\/p>\n<\/p>\n<p>\u00abY aunque esto no desdice del extraordinario sacrificios, avances y logros alcanzados por el gobierno del presidente Danilo Medina, los<\/p>\n<p>resultados que arroja esta investigaci\u00f3n indican que en el sistema de educaci\u00f3n dominicano falta mucho por hacer, y es precisamente trabajar<\/p>\n<p>el recurso humano, en todos sus componentes\u00bb, apunt\u00f3.<\/p>\n<\/p>\n<p>M\u00e9ndez dijo que los datos que arroja esta investigaci\u00f3n \u00abdebe alarmarnos a todos, a toda la sociedad, y debe convocarnos a redoblar<\/p>\n<p>los esfuerzos en perspectiva de la mira estrat\u00e9gica de alcanzar la educaci\u00f3n de calidad que nos hemos propuesto, como encarnaci\u00f3n  del desarrollo integrar de la Naci\u00f3n\u00bb.<\/p>\n<\/p>\n<p>\u00abLo que s\u00ed debemos esperar es que esta investigaci\u00f3n no solo sirva para tomar conocimiento de la realidad, sino que se convierta en un<\/p>\n<p>instrumento de trabajo para continuar, con m\u00e1s conocimiento de causa, el proceso de transformaci\u00f3n de la realidad educativa dominicana\u00bb, indic\u00f3.<\/p>\n<h6> 2017-12-11 12:42:20 <\/h6>\n<p><!--\n<link rel=\"stylesheet\" href=\"css\/bootstrap.min.css\">\n\n\n<ul class=\"pagination\">\n\t    \n\t\n\n<li >\n\t<a href='?page_no=6992'>Previous<\/a>\n\t<\/li>\n\n\n       \n    \n\n<li><a href='?page_no=1'>1<\/a><\/li>\n\n\n\n<li><a href='?page_no=2'>2<\/a><\/li>\n\n\n\n<li><a>...<\/a><\/li>\n\n\n\n<li><a href='?page_no=6991'>6991<\/a><\/li>\n\n\n\n<li><a href='?page_no=6992'>6992<\/a><\/li>\n\n\n\n<li class='active'><a>6993<\/a><\/li>\n\n\n\n<li><a href='?page_no=6994'>6994<\/a><\/li>\n\n\n\n<li><a href='?page_no=6995'>6995<\/a><\/li>\n\n\n\n<li><a>...<\/a><\/li>\n\n\n\n<li><a href='?page_no=36999'>36999<\/a><\/li>\n\n\n\n<li><a href='?page_no=37000'>37000<\/a><\/li>\n\n    \n\t\n\n<li >\n\t<a href='?page_no=6994'>Next<\/a>\n\t<\/li>\n\n\n    \n\n<li><a href='?page_no=37000'>Last &rsaquo;&rsaquo;<\/a><\/li>\n\n<\/ul>\n\n\n--><br \/>\n<\/body><\/p>\n","protected":false},"excerpt":{"rendered":"<p>NEYBA: El diputado Rafael M\u00e9ndez calific\u00f3 de alarmante y como una modalidad de \u00abmortalidad escolar\u00bb, los datos arrojados por una investigaci\u00f3n realizada por el ente oficial Instituto Dominicano de Evaluaci\u00f3n e Investigaci\u00f3n de la Calidad Educativa (Ideice), en el que se establece que de cada mil estudiantes que ingresan al primero de primaria s\u00f3lo 300 [&hellip;]<\/p>\n","protected":false},"author":3,"featured_media":585841,"comment_status":"open","ping_status":"open","sticky":false,"template":"","format":"standard","meta":{"footnotes":""},"categories":[22],"tags":[178],"class_list":["post-171714","post","type-post","status-publish","format-standard","has-post-thumbnail","hentry","category-politica","tag-rafael-mendez"],"_links":{"self":[{"href":"https:\/\/diariodominicano.com\/index.php?rest_route=\/wp\/v2\/posts\/171714","targetHints":{"allow":["GET"]}}],"collection":[{"href":"https:\/\/diariodominicano.com\/index.php?rest_route=\/wp\/v2\/posts"}],"about":[{"href":"https:\/\/diariodominicano.com\/index.php?rest_route=\/wp\/v2\/types\/post"}],"author":[{"embeddable":true,"href":"https:\/\/diariodominicano.com\/index.php?rest_route=\/wp\/v2\/users\/3"}],"replies":[{"embeddable":true,"href":"https:\/\/diariodominicano.com\/index.php?rest_route=%2Fwp%2Fv2%2Fcomments&post=171714"}],"version-history":[{"count":1,"href":"https:\/\/diariodominicano.com\/index.php?rest_route=\/wp\/v2\/posts\/171714\/revisions"}],"predecessor-version":[{"id":606936,"href":"https:\/\/diariodominicano.com\/index.php?rest_route=\/wp\/v2\/posts\/171714\/revisions\/606936"}],"wp:featuredmedia":[{"embeddable":true,"href":"https:\/\/diariodominicano.com\/index.php?rest_route=\/wp\/v2\/media\/585841"}],"wp:attachment":[{"href":"https:\/\/diariodominicano.com\/index.php?rest_route=%2Fwp%2Fv2%2Fmedia&parent=171714"}],"wp:term":[{"taxonomy":"category","embeddable":true,"href":"https:\/\/diariodominicano.com\/index.php?rest_route=%2Fwp%2Fv2%2Fcategories&post=171714"},{"taxonomy":"post_tag","embeddable":true,"href":"https:\/\/diariodominicano.com\/index.php?rest_route=%2Fwp%2Fv2%2Ftags&post=171714"}],"curies":[{"name":"wp","href":"https:\/\/api.w.org\/{rel}","templated":true}]}}