{"id":171713,"date":"2017-12-11T12:58:03","date_gmt":"2017-12-11T12:58:03","guid":{"rendered":"http:\/\/diariodominicano.ddns.net\/?p=171713"},"modified":"2017-12-11T12:58:03","modified_gmt":"2017-12-11T12:58:03","slug":"ramon-ventura-camejo-considera-que-el-pld-tiene-que-estar-atento-a-los-cambios-y-tendencias-mundiales","status":"publish","type":"post","link":"https:\/\/diariodominicano.com\/?p=171713","title":{"rendered":"Ram\u00f3n Ventura Camejo considera que el PLD tiene que estar atento a los cambios y tendencias mundiales"},"content":{"rendered":"<p><body><\/p>\n<p><img decoding=\"async\" src=\"img3\/camejo.jpg\" \/>  <\/p>\n<p>Ram\u00f3n Ventura Camejo, miembro del Comit\u00e9 Pol\u00edtico del Partido de la Liberaci\u00f3n Dominicana, dijo que esa organizaci\u00f3n pol\u00edtica tiene una gran conciencia de su responsabilidad hist\u00f3rica y que no existe  crisis alguna que la pueda conducir a una divisi\u00f3n.<\/p>\n<\/p>\n<p>Ventura Camejo expres\u00f3 que es partidario de que la dirigencia participe m\u00e1s en las decisiones internas, as\u00ed como de un enriquecimiento permanente en los procesos democr\u00e1ticos.<\/p>\n<\/p>\n<p>\u00abHay que poner el o\u00eddo en el coraz\u00f3n del pueblo, como dec\u00eda Jaime David Fern\u00e1ndez Mirabal en alusi\u00f3n a una frase de Juan Bosch\u00bb, manifest\u00f3 Camejo entrevistado en el programa Ojal\u00e1 y rese\u00f1ado por la Secretar\u00eda de Comunicaciones del PLD.<\/p>\n<\/p>\n<p>Indic\u00f3 que el PLD tiene que estar atento a los cambios y las tendencias, recordando  que su mentor,  el profesor Juan Bosch,  era un pol\u00edtico con un sentido del cambio, como se aprecia en el car\u00e1cter dialectico de sus escritos.<\/p>\n<\/p>\n<p>\u00abJuan Bosch ten\u00eda un concepto de la dial\u00e9ctica de que las cosas cambian y que hab\u00eda que responder a cada concepto en el momento preciso\u00bb, expuso el dirigente pol\u00edtico.<\/p>\n<\/p>\n<p>Se\u00f1al\u00f3 que cuando se analizan los libros del profesor Juan Bosch, sobre todo Composici\u00f3n Social Dominicana, se destaca un empoderamiento de su conceptualizaci\u00f3n y su metodolog\u00eda. \u00abLo m\u00e1s importante es empoderarnos de sus m\u00e9todos de an\u00e1lisis. Ver las distintas variables, los diferentes actores y recurrir a sus m\u00e9todos, conceptos y principios\u00bb.<\/p>\n<\/p>\n<p>Apunt\u00f3 que os partidos son muy \u00fatiles para la democracia y que si es necesario consultar sobre un tema que se haga porque eso es ejercer la democracia.<\/p>\n<\/p>\n<p>El tambi\u00e9n ministro de Administraci\u00f3n P\u00fablica afirm\u00f3 que los gobiernos del Partido de la Liberaci\u00f3n Dominicana han revolucionado la administraci\u00f3n p\u00fablica en el pa\u00eds.<\/p>\n<h6> 2017-12-11 12:58:03 <\/h6>\n<p><!--\n<link rel=\"stylesheet\" href=\"css\/bootstrap.min.css\">\n\n\n<ul class=\"pagination\">\n\t    \n\t\n\n<li >\n\t<a href='?page_no=6991'>Previous<\/a>\n\t<\/li>\n\n\n       \n    \n\n<li><a href='?page_no=1'>1<\/a><\/li>\n\n\n\n<li><a href='?page_no=2'>2<\/a><\/li>\n\n\n\n<li><a>...<\/a><\/li>\n\n\n\n<li><a href='?page_no=6990'>6990<\/a><\/li>\n\n\n\n<li><a href='?page_no=6991'>6991<\/a><\/li>\n\n\n\n<li class='active'><a>6992<\/a><\/li>\n\n\n\n<li><a href='?page_no=6993'>6993<\/a><\/li>\n\n\n\n<li><a href='?page_no=6994'>6994<\/a><\/li>\n\n\n\n<li><a>...<\/a><\/li>\n\n\n\n<li><a href='?page_no=36999'>36999<\/a><\/li>\n\n\n\n<li><a href='?page_no=37000'>37000<\/a><\/li>\n\n    \n\t\n\n<li >\n\t<a href='?page_no=6993'>Next<\/a>\n\t<\/li>\n\n\n    \n\n<li><a href='?page_no=37000'>Last &rsaquo;&rsaquo;<\/a><\/li>\n\n<\/ul>\n\n\n--><br \/>\n<\/body><\/p>\n","protected":false},"excerpt":{"rendered":"<p>Ram\u00f3n Ventura Camejo, miembro del Comit\u00e9 Pol\u00edtico del Partido de la Liberaci\u00f3n Dominicana, dijo que esa organizaci\u00f3n pol\u00edtica tiene una gran conciencia de su responsabilidad hist\u00f3rica y que no existe crisis alguna que la pueda conducir a una divisi\u00f3n. Ventura Camejo expres\u00f3 que es partidario de que la dirigencia participe m\u00e1s en las decisiones internas, [&hellip;]<\/p>\n","protected":false},"author":3,"featured_media":0,"comment_status":"open","ping_status":"open","sticky":false,"template":"","format":"standard","meta":{"footnotes":""},"categories":[22],"tags":[],"class_list":["post-171713","post","type-post","status-publish","format-standard","hentry","category-politica"],"_links":{"self":[{"href":"https:\/\/diariodominicano.com\/index.php?rest_route=\/wp\/v2\/posts\/171713","targetHints":{"allow":["GET"]}}],"collection":[{"href":"https:\/\/diariodominicano.com\/index.php?rest_route=\/wp\/v2\/posts"}],"about":[{"href":"https:\/\/diariodominicano.com\/index.php?rest_route=\/wp\/v2\/types\/post"}],"author":[{"embeddable":true,"href":"https:\/\/diariodominicano.com\/index.php?rest_route=\/wp\/v2\/users\/3"}],"replies":[{"embeddable":true,"href":"https:\/\/diariodominicano.com\/index.php?rest_route=%2Fwp%2Fv2%2Fcomments&post=171713"}],"version-history":[{"count":0,"href":"https:\/\/diariodominicano.com\/index.php?rest_route=\/wp\/v2\/posts\/171713\/revisions"}],"wp:attachment":[{"href":"https:\/\/diariodominicano.com\/index.php?rest_route=%2Fwp%2Fv2%2Fmedia&parent=171713"}],"wp:term":[{"taxonomy":"category","embeddable":true,"href":"https:\/\/diariodominicano.com\/index.php?rest_route=%2Fwp%2Fv2%2Fcategories&post=171713"},{"taxonomy":"post_tag","embeddable":true,"href":"https:\/\/diariodominicano.com\/index.php?rest_route=%2Fwp%2Fv2%2Ftags&post=171713"}],"curies":[{"name":"wp","href":"https:\/\/api.w.org\/{rel}","templated":true}]}}