{"id":171712,"date":"2017-12-11T13:21:02","date_gmt":"2017-12-11T13:21:02","guid":{"rendered":"http:\/\/diariodominicano.ddns.net\/?p=171712"},"modified":"2017-12-11T13:21:02","modified_gmt":"2017-12-11T13:21:02","slug":"felucho-jimenez-respeto-por-la-historia-es-algo-comun-entre-danilo-y-leonel","status":"publish","type":"post","link":"https:\/\/diariodominicano.com\/?p=171712","title":{"rendered":"Felucho Jim\u00e9nez: Respeto por la historia es algo com\u00fan entre Danilo y Leonel"},"content":{"rendered":"<p><body><\/p>\n<p><img decoding=\"async\" src=\"img3\/felu1.jpg\" \/>  <\/p>\n<p>Felucho Jim\u00e9nez, miembro del Comit\u00e9 Pol\u00edtico del Partido de la Liberaci\u00f3n Dominicana (PLD) tras destacar el respeto y sentido hist\u00f3rico predominante en el liderazgo del PLD, neg\u00f3 el resquebrajamiento de esa entidad, como se afirma en los medios de comunicaci\u00f3n<\/p>\n<\/p>\n<p>\u00abEstoy profunda y honestamente convencido de que si hay algo en com\u00fan entre Leonel Fern\u00e1ndez y Danilo Medina es el sentido y el respeto por la historia. Ninguno de los dos va a hacer algo que tienda a dividir el partido\u00bb, apunt\u00f3 Jim\u00e9nez entrevistado en el programa Antena 7 y rese\u00f1ado por la Secretar\u00eda de Comunicaciones del PLD.<\/p>\n<\/p>\n<p>Declar\u00f3 que m\u00e1s temprano que tarde, como ha sido la tradici\u00f3n en el PLD se arribar\u00e1 a soluciones de la divergencia de criterios, sin consecuencias mayores.<\/p>\n<\/p>\n<p>En ese sentido dijo que una muestra de que las crisis son parte del accionar partidario dominicano es que en el propio PRSC, Joaqu\u00edn Balaguer se deshizo de Augusto Lora, Fernando \u00c1lvarez Bogaert, entre otros.<\/p>\n<\/p>\n<p>Jim\u00e9nez destac\u00f3 que los efectos de esas situaciones de crisis cuando son bien manejadas pudieran pasar desapercibidas, como han sucedido en el propio PLD, donde un medio de importancia ha citado 8 casos contradictorios.<\/p>\n<\/p>\n<p>Dijo que las acciones en el PLD tienen la ventaja de que cada parte se conoce y bajo ese esquema act\u00faa, sin embargo, aunque est\u00e1 consciente de que habr\u00e1 una saludable salida, no se trate de colgar las armas y abandonar la lucha sin pelear, significando que eso es la pol\u00edtica.<\/p>\n<\/p>\n<p>\u00abEste es un juego de ajedrez donde cada uno sabe el movimiento que har\u00e1 el otro\u00bb, subray\u00f3.<\/p>\n<\/p>\n<p>El dirigente pelede\u00edsta, sostiene que en su partido hay una situaci\u00f3n que es la base del \u00e9xito y de la armon\u00eda que es el respeto: \u00abEn definitiva nos conocemos, pero tambi\u00e9n nos respetamos\u00bb, concluy\u00f3<\/p>\n<h6> 2017-12-11 13:21:02 <\/h6>\n<p><!--\n<link rel=\"stylesheet\" href=\"css\/bootstrap.min.css\">\n\n\n<ul class=\"pagination\">\n\t    \n\t\n\n<li >\n\t<a href='?page_no=6990'>Previous<\/a>\n\t<\/li>\n\n\n       \n    \n\n<li><a href='?page_no=1'>1<\/a><\/li>\n\n\n\n<li><a href='?page_no=2'>2<\/a><\/li>\n\n\n\n<li><a>...<\/a><\/li>\n\n\n\n<li><a href='?page_no=6989'>6989<\/a><\/li>\n\n\n\n<li><a href='?page_no=6990'>6990<\/a><\/li>\n\n\n\n<li class='active'><a>6991<\/a><\/li>\n\n\n\n<li><a href='?page_no=6992'>6992<\/a><\/li>\n\n\n\n<li><a href='?page_no=6993'>6993<\/a><\/li>\n\n\n\n<li><a>...<\/a><\/li>\n\n\n\n<li><a href='?page_no=36999'>36999<\/a><\/li>\n\n\n\n<li><a href='?page_no=37000'>37000<\/a><\/li>\n\n    \n\t\n\n<li >\n\t<a href='?page_no=6992'>Next<\/a>\n\t<\/li>\n\n\n    \n\n<li><a href='?page_no=37000'>Last &rsaquo;&rsaquo;<\/a><\/li>\n\n<\/ul>\n\n\n--><br \/>\n<\/body><\/p>\n","protected":false},"excerpt":{"rendered":"<p>Felucho Jim\u00e9nez, miembro del Comit\u00e9 Pol\u00edtico del Partido de la Liberaci\u00f3n Dominicana (PLD) tras destacar el respeto y sentido hist\u00f3rico predominante en el liderazgo del PLD, neg\u00f3 el resquebrajamiento de esa entidad, como se afirma en los medios de comunicaci\u00f3n \u00abEstoy profunda y honestamente convencido de que si hay algo en com\u00fan entre Leonel Fern\u00e1ndez [&hellip;]<\/p>\n","protected":false},"author":3,"featured_media":0,"comment_status":"open","ping_status":"open","sticky":false,"template":"","format":"standard","meta":{"footnotes":""},"categories":[22],"tags":[],"class_list":["post-171712","post","type-post","status-publish","format-standard","hentry","category-politica"],"_links":{"self":[{"href":"https:\/\/diariodominicano.com\/index.php?rest_route=\/wp\/v2\/posts\/171712","targetHints":{"allow":["GET"]}}],"collection":[{"href":"https:\/\/diariodominicano.com\/index.php?rest_route=\/wp\/v2\/posts"}],"about":[{"href":"https:\/\/diariodominicano.com\/index.php?rest_route=\/wp\/v2\/types\/post"}],"author":[{"embeddable":true,"href":"https:\/\/diariodominicano.com\/index.php?rest_route=\/wp\/v2\/users\/3"}],"replies":[{"embeddable":true,"href":"https:\/\/diariodominicano.com\/index.php?rest_route=%2Fwp%2Fv2%2Fcomments&post=171712"}],"version-history":[{"count":0,"href":"https:\/\/diariodominicano.com\/index.php?rest_route=\/wp\/v2\/posts\/171712\/revisions"}],"wp:attachment":[{"href":"https:\/\/diariodominicano.com\/index.php?rest_route=%2Fwp%2Fv2%2Fmedia&parent=171712"}],"wp:term":[{"taxonomy":"category","embeddable":true,"href":"https:\/\/diariodominicano.com\/index.php?rest_route=%2Fwp%2Fv2%2Fcategories&post=171712"},{"taxonomy":"post_tag","embeddable":true,"href":"https:\/\/diariodominicano.com\/index.php?rest_route=%2Fwp%2Fv2%2Ftags&post=171712"}],"curies":[{"name":"wp","href":"https:\/\/api.w.org\/{rel}","templated":true}]}}