{"id":171709,"date":"2017-12-11T13:23:17","date_gmt":"2017-12-11T13:23:17","guid":{"rendered":"http:\/\/diariodominicano.ddns.net\/?p=171709"},"modified":"2017-12-11T13:23:17","modified_gmt":"2017-12-11T13:23:17","slug":"pld-informara-el-miercoles-de-las-actividades-de-celebracion-de-su-44-aniversario","status":"publish","type":"post","link":"https:\/\/diariodominicano.com\/?p=171709","title":{"rendered":"PLD informar\u00e1 el mi\u00e9rcoles de las actividades de celebraci\u00f3n de su 44 aniversario"},"content":{"rendered":"<p><body><\/p>\n<p>El Partido de la Liberaci\u00f3n Dominicana (PLD) confirma que prepara, para celebrar su 44 aniversario, una serie de actividades, las que aglutinar\u00e1 su dirigencia, as\u00ed como sus miembros y relacionados.<\/p>\n<\/p>\n<p>La comisi\u00f3n permanente de celebraciones y conmemoraciones, que preside Cristina Lizardo, junto a la Secretar\u00eda General y la Presidencia de la organizaci\u00f3n, confirmaron la convocatoria a rueda de prensa para el pr\u00f3ximo mi\u00e9rcoles en horas de la ma\u00f1ana, para informar de los actos que organizan.<\/p>\n<\/p>\n<p>Se adelant\u00f3 la organizaci\u00f3n de ofrendas y encuentros en la sede nacional del PLD y otras actividades tradicionales que el PLD realiza con motivo de su fecha aniversario y las navidades.<\/p>\n<\/p>\n<p>Al finalizar la pasada semana Reinaldo Pared P\u00e9rez, secretario General del PLD, record\u00f3 que el pr\u00f3ximo viernes es el aniversario n\u00famero 44 del partido y que por tal motivo se reunir\u00e1 con el presidente de la organizaci\u00f3n Leonel Fern\u00e1ndez y la dirigencia nacional de esa entidad para celebrar las efem\u00e9rides.<\/p>\n<\/p>\n<p>Mediante la celebraci\u00f3n de su congreso constitutivo, que llev\u00f3 el nombre del patricio, Juan Pablo Duarte, qued\u00f3 fundado el PLD el 15 de diciembre de 1973.<\/p>\n<\/p>\n<p>En una rese\u00f1a de la historia del PLD, el Profesor Juan Bosch recordaba que  para esa fecha ya el pueblo se dedicaba, como sucede todos los a\u00f1os a celebrar las festividades de Noche Buena y A\u00f1o Nuevo, de manera que lo que hicimos en el resto del mes de diciembre y en la primera mitad de enero de 1974 fue muy poco cosa, ya partir de mediados de enero hasta fines de abril el trabajo que llevamos a cabo los pelede\u00edstas se limit\u00f3 a tareas organizativas y a preparar la Conferencia Salvador Allende, que celebramos en la primera quincena de mayo.<\/p>\n<\/p>\n<p>\u00abEn esa conferencia discutieron dos temas: la creaci\u00f3n de m\u00e9todos de trabajo del PLD y la de sus estructuras org\u00e1nicas, dos aspectos de la vida del Partido que estaban llamados a jugar un papel muy importante en su porvenir inmediato\u00bb, escribi\u00f3.<\/p>\n<h6> 2017-12-11 13:23:17 <\/h6>\n<p><!--\n<link rel=\"stylesheet\" href=\"css\/bootstrap.min.css\">\n\n\n<ul class=\"pagination\">\n\t    \n\t\n\n<li >\n\t<a href='?page_no=6988'>Previous<\/a>\n\t<\/li>\n\n\n       \n    \n\n<li><a href='?page_no=1'>1<\/a><\/li>\n\n\n\n<li><a href='?page_no=2'>2<\/a><\/li>\n\n\n\n<li><a>...<\/a><\/li>\n\n\n\n<li><a href='?page_no=6987'>6987<\/a><\/li>\n\n\n\n<li><a href='?page_no=6988'>6988<\/a><\/li>\n\n\n\n<li class='active'><a>6989<\/a><\/li>\n\n\n\n<li><a href='?page_no=6990'>6990<\/a><\/li>\n\n\n\n<li><a href='?page_no=6991'>6991<\/a><\/li>\n\n\n\n<li><a>...<\/a><\/li>\n\n\n\n<li><a href='?page_no=36999'>36999<\/a><\/li>\n\n\n\n<li><a href='?page_no=37000'>37000<\/a><\/li>\n\n    \n\t\n\n<li >\n\t<a href='?page_no=6990'>Next<\/a>\n\t<\/li>\n\n\n    \n\n<li><a href='?page_no=37000'>Last &rsaquo;&rsaquo;<\/a><\/li>\n\n<\/ul>\n\n\n--><br \/>\n<\/body><\/p>\n","protected":false},"excerpt":{"rendered":"<p>El Partido de la Liberaci\u00f3n Dominicana (PLD) confirma que prepara, para celebrar su 44 aniversario, una serie de actividades, las que aglutinar\u00e1 su dirigencia, as\u00ed como sus miembros y relacionados. La comisi\u00f3n permanente de celebraciones y conmemoraciones, que preside Cristina Lizardo, junto a la Secretar\u00eda General y la Presidencia de la organizaci\u00f3n, confirmaron la convocatoria [&hellip;]<\/p>\n","protected":false},"author":3,"featured_media":0,"comment_status":"open","ping_status":"open","sticky":false,"template":"","format":"standard","meta":{"footnotes":""},"categories":[22],"tags":[],"class_list":["post-171709","post","type-post","status-publish","format-standard","hentry","category-politica"],"_links":{"self":[{"href":"https:\/\/diariodominicano.com\/index.php?rest_route=\/wp\/v2\/posts\/171709","targetHints":{"allow":["GET"]}}],"collection":[{"href":"https:\/\/diariodominicano.com\/index.php?rest_route=\/wp\/v2\/posts"}],"about":[{"href":"https:\/\/diariodominicano.com\/index.php?rest_route=\/wp\/v2\/types\/post"}],"author":[{"embeddable":true,"href":"https:\/\/diariodominicano.com\/index.php?rest_route=\/wp\/v2\/users\/3"}],"replies":[{"embeddable":true,"href":"https:\/\/diariodominicano.com\/index.php?rest_route=%2Fwp%2Fv2%2Fcomments&post=171709"}],"version-history":[{"count":0,"href":"https:\/\/diariodominicano.com\/index.php?rest_route=\/wp\/v2\/posts\/171709\/revisions"}],"wp:attachment":[{"href":"https:\/\/diariodominicano.com\/index.php?rest_route=%2Fwp%2Fv2%2Fmedia&parent=171709"}],"wp:term":[{"taxonomy":"category","embeddable":true,"href":"https:\/\/diariodominicano.com\/index.php?rest_route=%2Fwp%2Fv2%2Fcategories&post=171709"},{"taxonomy":"post_tag","embeddable":true,"href":"https:\/\/diariodominicano.com\/index.php?rest_route=%2Fwp%2Fv2%2Ftags&post=171709"}],"curies":[{"name":"wp","href":"https:\/\/api.w.org\/{rel}","templated":true}]}}