{"id":171708,"date":"2017-12-11T17:54:30","date_gmt":"2017-12-11T17:54:30","guid":{"rendered":"http:\/\/diariodominicano.ddns.net\/?p=171708"},"modified":"2017-12-11T17:54:30","modified_gmt":"2017-12-11T17:54:30","slug":"figuras-del-sur-analizan-en-ecuador-vias-para-mejorar-a-sus-pueblos","status":"publish","type":"post","link":"https:\/\/diariodominicano.com\/?p=171708","title":{"rendered":"Figuras del Sur analizan en Ecuador v\u00edas para mejorar a sus pueblos"},"content":{"rendered":"<p><body><\/p>\n<p><img decoding=\"async\" src=\"img3\/ecuador1.jpg\" \/><br \/><img decoding=\"async\" src=\"img3\/ecuador2.jpg\" \/><br \/><img decoding=\"async\" src=\"img3\/ecuador3.jpg\" \/>  <\/p>\n<p><strong> <\/strong><\/p>\n<p><strong>Entre los  presentes est\u00e1n Leonel Fern\u00e1ndez, ex presidente de Rep\u00fablica Dominicana, Amina Mohammed, secretaria general adjunta de las Naciones Unidas, \u00c1lvaro Jim\u00e9nez, delegado de la Campa\u00f1a Internacional para Abolir las Armas Nucleares, que obtuvo el Premio Nobel de la Paz 2017, Susana Ruiz, responsable de Justicia Fiscal de Oxfam International y Mar\u00eda Fernanda Espinosa, estuvieron presentes.<\/strong><\/p>\n<p><strong>Quito, 11 dic (PL) <\/strong>Personalidades del Sur global desarrollan hoy en esta capital un encuentro internacional a fin de unir esfuerzos para avanzar en la agenda de bienestar de los pa\u00edses miembros del Grupo de los 77 + China.<\/p>\n<\/p>\n<p>El evento, organizado por la canciller\u00eda ecuatoriana, busca analizar temas clave para las naciones del Grupo, el mayor dentro del seno de la Organizaci\u00f3n de las Naciones Unidas (ONU), presidido en 2017 por el pa\u00eds donde se ubica la Mitad del Mundo.<\/p>\n<\/p>\n<p>Tras dar la bienvenida a los presentes, representantes de gobiernos, instituciones multilaterales y miembros de las misiones diplom\u00e1ticas acreditadas en Quito, la ministra de Relaciones Exteriores y Movilidad Humana, Mar\u00eda Fernanda Espinosa, asegur\u00f3 que la cita servir\u00e1 discutir, desde la visi\u00f3n del Sur, la actualidad a nivel planetario.<\/p>\n<\/p>\n<p>&#8216;Reflexionaremos sobre los conflictos geopol\u00edticos y la importancia del di\u00e1logo para fomentar la cultura de paz, la movilidad humana y la ciudadan\u00eda universal, los impactos del cambio clim\u00e1tico y la injusticia fiscal para erradicar la evasi\u00f3n y la elusi\u00f3n tributaria&#8217;, afirm\u00f3 desde el Palacio de Carondelet, sede de la presidencia de la rep\u00fablica.<\/p>\n<\/p>\n<p>Seg\u00fan explic\u00f3, esos son ejes necesarios para alcanzar en un orden global multipolar.<\/p>\n<\/p>\n<\/p>\n<p>Durante su intervenci\u00f3n, la titular hizo un llamado el G 77 y China para fortalecer los lazos sobre la base de valores de identidad, igualdad y justicia social, a su juicio, los fundamentales para un mundo en el que las regiones cumplan un rol cada vez mayor.<\/p>\n<\/p>\n<p>&#8216;De esta manera, Ecuador quiere fortalecer la unidad, cooperaci\u00f3n y solidaridad que caracteriza a G77 desde su momento fundacional&#8217;, dijo.<\/p>\n<\/p>\n<p>En ese sentido, Espinosa convoc\u00f3 a analizar el tema de la cooperaci\u00f3n internacional para el desarrollo, teniendo en cuenta que el mundo no es el mismo de las d\u00e9cadas de los 1950 y 1960 del siglo pasado y debe adaptarse a los desaf\u00edos de los nuevos tiempos.<\/p>\n<\/p>\n<p>Como parte de la agenda, las personalidades presentes en el encuentro se unieron al dignatario para participar en la ceremonia del Cambio de Guardia presidencial, que dirige cada lunes el jefe de estado desde el balc\u00f3n de la sede de gobierno.<\/p>\n<\/p>\n<p>Amina Mohammed, secretaria general adjunta de las Naciones Unidas, Leonel Fern\u00e1ndez, ex presidente de Rep\u00fablica Dominicana, \u00c1lvaro Jim\u00e9nez, delegado de la Campa\u00f1a Internacional para Abolir las Armas Nucleares, que obtuvo el Premio Nobel de la Paz 2017, Susana Ruiz, responsable de Justicia Fiscal de Oxfam International y Mar\u00eda Fernanda Espinosa, estuvieron presentes.<\/p>\n<\/p>\n<p>La cita se llevar\u00e1 a cabo durante toda la jornada, en espacios del Centro Internacional de Estudios Superiores de Comunicaci\u00f3n para Am\u00e9rica Latina, en esta capital.<\/p>\n<h6> 2017-12-11 17:54:30 <\/h6>\n<p><!--\n<link rel=\"stylesheet\" href=\"css\/bootstrap.min.css\">\n\n\n<ul class=\"pagination\">\n\t    \n\t\n\n<li >\n\t<a href='?page_no=6987'>Previous<\/a>\n\t<\/li>\n\n\n       \n    \n\n<li><a href='?page_no=1'>1<\/a><\/li>\n\n\n\n<li><a href='?page_no=2'>2<\/a><\/li>\n\n\n\n<li><a>...<\/a><\/li>\n\n\n\n<li><a href='?page_no=6986'>6986<\/a><\/li>\n\n\n\n<li><a href='?page_no=6987'>6987<\/a><\/li>\n\n\n\n<li class='active'><a>6988<\/a><\/li>\n\n\n\n<li><a href='?page_no=6989'>6989<\/a><\/li>\n\n\n\n<li><a href='?page_no=6990'>6990<\/a><\/li>\n\n\n\n<li><a>...<\/a><\/li>\n\n\n\n<li><a href='?page_no=36999'>36999<\/a><\/li>\n\n\n\n<li><a href='?page_no=37000'>37000<\/a><\/li>\n\n    \n\t\n\n<li >\n\t<a href='?page_no=6989'>Next<\/a>\n\t<\/li>\n\n\n    \n\n<li><a href='?page_no=37000'>Last &rsaquo;&rsaquo;<\/a><\/li>\n\n<\/ul>\n\n\n--><br \/>\n<\/body><\/p>\n","protected":false},"excerpt":{"rendered":"<p>Entre los presentes est\u00e1n Leonel Fern\u00e1ndez, ex presidente de Rep\u00fablica Dominicana, Amina Mohammed, secretaria general adjunta de las Naciones Unidas, \u00c1lvaro Jim\u00e9nez, delegado de la Campa\u00f1a Internacional para Abolir las Armas Nucleares, que obtuvo el Premio Nobel de la Paz 2017, Susana Ruiz, responsable de Justicia Fiscal de Oxfam International y Mar\u00eda Fernanda Espinosa, estuvieron [&hellip;]<\/p>\n","protected":false},"author":3,"featured_media":0,"comment_status":"open","ping_status":"open","sticky":false,"template":"","format":"standard","meta":{"footnotes":""},"categories":[22],"tags":[],"class_list":["post-171708","post","type-post","status-publish","format-standard","hentry","category-politica"],"_links":{"self":[{"href":"https:\/\/diariodominicano.com\/index.php?rest_route=\/wp\/v2\/posts\/171708","targetHints":{"allow":["GET"]}}],"collection":[{"href":"https:\/\/diariodominicano.com\/index.php?rest_route=\/wp\/v2\/posts"}],"about":[{"href":"https:\/\/diariodominicano.com\/index.php?rest_route=\/wp\/v2\/types\/post"}],"author":[{"embeddable":true,"href":"https:\/\/diariodominicano.com\/index.php?rest_route=\/wp\/v2\/users\/3"}],"replies":[{"embeddable":true,"href":"https:\/\/diariodominicano.com\/index.php?rest_route=%2Fwp%2Fv2%2Fcomments&post=171708"}],"version-history":[{"count":0,"href":"https:\/\/diariodominicano.com\/index.php?rest_route=\/wp\/v2\/posts\/171708\/revisions"}],"wp:attachment":[{"href":"https:\/\/diariodominicano.com\/index.php?rest_route=%2Fwp%2Fv2%2Fmedia&parent=171708"}],"wp:term":[{"taxonomy":"category","embeddable":true,"href":"https:\/\/diariodominicano.com\/index.php?rest_route=%2Fwp%2Fv2%2Fcategories&post=171708"},{"taxonomy":"post_tag","embeddable":true,"href":"https:\/\/diariodominicano.com\/index.php?rest_route=%2Fwp%2Fv2%2Ftags&post=171708"}],"curies":[{"name":"wp","href":"https:\/\/api.w.org\/{rel}","templated":true}]}}