{"id":171707,"date":"2017-12-11T19:25:02","date_gmt":"2017-12-11T19:25:02","guid":{"rendered":"http:\/\/diariodominicano.ddns.net\/?p=171707"},"modified":"2017-12-11T19:25:02","modified_gmt":"2017-12-11T19:25:02","slug":"politicos-neoliberales-caen-en-encuesta-en-peru","status":"publish","type":"post","link":"https:\/\/diariodominicano.com\/?p=171707","title":{"rendered":"Pol\u00edticos neoliberales caen en encuesta en Per\u00fa"},"content":{"rendered":"<p><body><\/p>\n<p><strong>Lima, 11 dic (PL) <\/strong>Los pol\u00edticos neoliberales peruanos Keiko Fujimori y Alan Garc\u00eda registran nuevas ca\u00eddas en una encuesta de la empresa Datum, cuyos resultados fueron publicados hoy.<\/p>\n<\/p>\n<p>La l\u00edder del partido Fuerza Popular (FP) cay\u00f3 ligeramente, de 34 a 33 por ciento respecto al mes anterior, aunque la desaprobaci\u00f3n a su desempe\u00f1o subi\u00f3 en mayor medida, de 55 a 62 por ciento.<\/p>\n<\/p>\n<p>En cuanto al expresidente Garc\u00eda, las cifras parecen dar la raz\u00f3n a quienes piensan que est\u00e1 en el ocaso, pues descendi\u00f3 de ocho a siete por ciento, con una desaprobaci\u00f3n contundente, de 90 por ciento.<\/p>\n<\/p>\n<p>En el caso de Fujimori, 66 por ciento de los encuestados comparten la convicci\u00f3n de que su partido quiere vacar (destituir) al presidente, Pedro Pablo Kuczynski, y 63 por ciento se\u00f1alan que la mayor\u00eda parlamentaria fujimorista abusa de su poder.<\/p>\n<\/p>\n<p>Adem\u00e1s, 55 por ciento considera que el proceso parlamentario que FP impulsa contra el fiscal de la Naci\u00f3n, Pablo S\u00e1nchez, para destituirlo, en realidad es un acto de venganza por la reapertura de una investigaci\u00f3n fiscal por lavado de activos al exsecretario general de FP, Joaqu\u00edn Ram\u00edrez.<\/p>\n<\/p>\n<p>De otro lado, la l\u00edder del progresista Movimiento Nuevo Per\u00fa (MNP), Ver\u00f3nika Mendoza, mantuvo el 22 por ciento de aprobaci\u00f3n del mes anterior y el centroderechista Julio Guzm\u00e1n, baj\u00f3 de 25 a 24 por ciento.<\/p>\n<\/p>\n<p>agp\/mrs<\/p>\n<h6> 2017-12-11 19:25:02 <\/h6>\n<p><!--\n<link rel=\"stylesheet\" href=\"css\/bootstrap.min.css\">\n\n\n<ul class=\"pagination\">\n\t    \n\t\n\n<li >\n\t<a href='?page_no=6986'>Previous<\/a>\n\t<\/li>\n\n\n       \n    \n\n<li><a href='?page_no=1'>1<\/a><\/li>\n\n\n\n<li><a href='?page_no=2'>2<\/a><\/li>\n\n\n\n<li><a>...<\/a><\/li>\n\n\n\n<li><a href='?page_no=6985'>6985<\/a><\/li>\n\n\n\n<li><a href='?page_no=6986'>6986<\/a><\/li>\n\n\n\n<li class='active'><a>6987<\/a><\/li>\n\n\n\n<li><a href='?page_no=6988'>6988<\/a><\/li>\n\n\n\n<li><a href='?page_no=6989'>6989<\/a><\/li>\n\n\n\n<li><a>...<\/a><\/li>\n\n\n\n<li><a href='?page_no=36999'>36999<\/a><\/li>\n\n\n\n<li><a href='?page_no=37000'>37000<\/a><\/li>\n\n    \n\t\n\n<li >\n\t<a href='?page_no=6988'>Next<\/a>\n\t<\/li>\n\n\n    \n\n<li><a href='?page_no=37000'>Last &rsaquo;&rsaquo;<\/a><\/li>\n\n<\/ul>\n\n\n--><br \/>\n<\/body><\/p>\n","protected":false},"excerpt":{"rendered":"<p>Lima, 11 dic (PL) Los pol\u00edticos neoliberales peruanos Keiko Fujimori y Alan Garc\u00eda registran nuevas ca\u00eddas en una encuesta de la empresa Datum, cuyos resultados fueron publicados hoy. La l\u00edder del partido Fuerza Popular (FP) cay\u00f3 ligeramente, de 34 a 33 por ciento respecto al mes anterior, aunque la desaprobaci\u00f3n a su desempe\u00f1o subi\u00f3 en [&hellip;]<\/p>\n","protected":false},"author":3,"featured_media":0,"comment_status":"open","ping_status":"open","sticky":false,"template":"","format":"standard","meta":{"footnotes":""},"categories":[22],"tags":[],"class_list":["post-171707","post","type-post","status-publish","format-standard","hentry","category-politica"],"_links":{"self":[{"href":"https:\/\/diariodominicano.com\/index.php?rest_route=\/wp\/v2\/posts\/171707","targetHints":{"allow":["GET"]}}],"collection":[{"href":"https:\/\/diariodominicano.com\/index.php?rest_route=\/wp\/v2\/posts"}],"about":[{"href":"https:\/\/diariodominicano.com\/index.php?rest_route=\/wp\/v2\/types\/post"}],"author":[{"embeddable":true,"href":"https:\/\/diariodominicano.com\/index.php?rest_route=\/wp\/v2\/users\/3"}],"replies":[{"embeddable":true,"href":"https:\/\/diariodominicano.com\/index.php?rest_route=%2Fwp%2Fv2%2Fcomments&post=171707"}],"version-history":[{"count":0,"href":"https:\/\/diariodominicano.com\/index.php?rest_route=\/wp\/v2\/posts\/171707\/revisions"}],"wp:attachment":[{"href":"https:\/\/diariodominicano.com\/index.php?rest_route=%2Fwp%2Fv2%2Fmedia&parent=171707"}],"wp:term":[{"taxonomy":"category","embeddable":true,"href":"https:\/\/diariodominicano.com\/index.php?rest_route=%2Fwp%2Fv2%2Fcategories&post=171707"},{"taxonomy":"post_tag","embeddable":true,"href":"https:\/\/diariodominicano.com\/index.php?rest_route=%2Fwp%2Fv2%2Ftags&post=171707"}],"curies":[{"name":"wp","href":"https:\/\/api.w.org\/{rel}","templated":true}]}}