{"id":171706,"date":"2017-12-11T19:33:35","date_gmt":"2017-12-11T19:33:35","guid":{"rendered":"http:\/\/diariodominicano.ddns.net\/?p=171706"},"modified":"2017-12-11T19:33:35","modified_gmt":"2017-12-11T19:33:35","slug":"aboga-presidente-de-ecuador-por-dialogo-por-la-paz-y-el-desarrollo","status":"publish","type":"post","link":"https:\/\/diariodominicano.com\/?p=171706","title":{"rendered":"Aboga presidente de Ecuador por di\u00e1logo por la paz y el desarrollo"},"content":{"rendered":"<p><body><\/p>\n<p><img decoding=\"async\" src=\"img3\/ecuador1.jpg\" \/>  <\/p>\n<p><strong>Quito, 11 dic (PL)<\/strong> El presidente de Ecuador, Len\u00edn Moreno, insisti\u00f3 hoy aqu\u00ed en un llamado mundial a utilizar el di\u00e1logo como herramienta para construir la paz y alcanzar el desarrollo en el mundo.<\/p>\n<\/p>\n<p>&#8216;Es inaceptable que por falta de di\u00e1logo el planeta viva con temor a una guerra nuclear, que nos devastar\u00eda a todos&#8217;, asegur\u00f3 el dignatario durante su intervenci\u00f3n en el Evento de alto nivel de personalidades eminentes del Sur: &#8216;Crisis ecol\u00f3gica y conflictos geopol\u00edticos por un planeta sostenible&#8217;.<\/p>\n<\/p>\n<p>A su juicio, &#8216;si contin\u00faan las guerras y bloqueos a Estados, como ocurre con el hermano pueblo de Cuba, jam\u00e1s alcanzaremos una verdadera libertad y democracia&#8217;.<\/p>\n<\/p>\n<p>En ese sentido, salud\u00f3 la cita que busca profundizar en reflexiones comunes sobre la crisis ecol\u00f3gica, los conflictos geopol\u00edticos, las pol\u00edticas fiscales justas, y la migraci\u00f3n, temas centrales para el multilateralismo y el cumplimiento de la Agenda de Desarrollo Sostenible 2030.<\/p>\n<\/p>\n<p>Durante su intervenci\u00f3n, el mandatario se\u00f1al\u00f3 que el gobierno nacional dedica sus esfuerzos a cumplir el plan global del sur y profundizar la solidaridad y hermandad entre los pueblos.<\/p>\n<\/p>\n<p>Asimismo, consider\u00f3 que el intercambio reviste importancia por ser un espacio para reflexionar sobre las aspiraciones de unidad y solidaridad que motivaron a los pa\u00edses del G77 a unir sus voces en 1964.<\/p>\n<\/p>\n<p>El jefe de Estado aprovech\u00f3 la ocasi\u00f3n para reconocer el trabajo realizado por Campa\u00f1a internacional para abolir las armas nucleares, ganador del Premio Nobel de la Paz 2017, y cuyo representante Alvaro Jim\u00e9nez asiste a la reuni\u00f3n, pues el mundo contempor\u00e1neo exige una paz duradera, pero durante los siglos XX y XXI se increment\u00f3 la violencia, en todas sus formas.<\/p>\n<\/p>\n<p>La cita re\u00fane a miembros del Grupo de los 77 m\u00e1s China, de instancias internacionales y jefes de misiones diplom\u00e1ticas acreditadas en Quito, adem\u00e1s de figuras con reconocida trayectoria como el expresidente de Rep\u00fablica Dominicana Leonel Fern\u00e1ndez.<\/p>\n<\/p>\n<p>Entre los participantes destacan la secretaria general adjunta de Naciones Unidas, Amina Mohammed; el asesor para Operaciones del Alto Comisionado de las Naciones Unidas para los Refugiados (Acnur),George Okoth-Obbo, y la responsable de Justicia Fiscal de Oxfam, Susana Ruiz, entre otros.<\/p>\n<\/p>\n<p>El encuentro de Alto Nivel constituye una de las principales actividades de la presidencia pro t\u00e9mpore de Ecuador en el Grupo de los 77 m\u00e1s China y en cumplimiento al mandato antes descrito, que considera importante guiar las pol\u00edticas generales y acciones operativas del ente en cuatro ejes.<\/p>\n<\/p>\n<p>Movilidad Humana y Ciudadan\u00eda Universal, Justicia Fiscal y financiamiento para el Desarrollo, Cambio Clim\u00e1tico y el Futuro del Planeta y Conflictos geopol\u00edticos y cultura de paz, fueron seleccionadas como las bases de las discusiones.<\/p>\n<\/p>\n<p>agp\/scm<\/p>\n<h6> 2017-12-11 19:33:35 <\/h6>\n<p><!--\n<link rel=\"stylesheet\" href=\"css\/bootstrap.min.css\">\n\n\n<ul class=\"pagination\">\n\t    \n\t\n\n<li >\n\t<a href='?page_no=6985'>Previous<\/a>\n\t<\/li>\n\n\n       \n    \n\n<li><a href='?page_no=1'>1<\/a><\/li>\n\n\n\n<li><a href='?page_no=2'>2<\/a><\/li>\n\n\n\n<li><a>...<\/a><\/li>\n\n\n\n<li><a href='?page_no=6984'>6984<\/a><\/li>\n\n\n\n<li><a href='?page_no=6985'>6985<\/a><\/li>\n\n\n\n<li class='active'><a>6986<\/a><\/li>\n\n\n\n<li><a href='?page_no=6987'>6987<\/a><\/li>\n\n\n\n<li><a href='?page_no=6988'>6988<\/a><\/li>\n\n\n\n<li><a>...<\/a><\/li>\n\n\n\n<li><a href='?page_no=36999'>36999<\/a><\/li>\n\n\n\n<li><a href='?page_no=37000'>37000<\/a><\/li>\n\n    \n\t\n\n<li >\n\t<a href='?page_no=6987'>Next<\/a>\n\t<\/li>\n\n\n    \n\n<li><a href='?page_no=37000'>Last &rsaquo;&rsaquo;<\/a><\/li>\n\n<\/ul>\n\n\n--><br \/>\n<\/body><\/p>\n","protected":false},"excerpt":{"rendered":"<p>Quito, 11 dic (PL) El presidente de Ecuador, Len\u00edn Moreno, insisti\u00f3 hoy aqu\u00ed en un llamado mundial a utilizar el di\u00e1logo como herramienta para construir la paz y alcanzar el desarrollo en el mundo. &#8216;Es inaceptable que por falta de di\u00e1logo el planeta viva con temor a una guerra nuclear, que nos devastar\u00eda a todos&#8217;, [&hellip;]<\/p>\n","protected":false},"author":3,"featured_media":0,"comment_status":"open","ping_status":"open","sticky":false,"template":"","format":"standard","meta":{"footnotes":""},"categories":[22],"tags":[],"class_list":["post-171706","post","type-post","status-publish","format-standard","hentry","category-politica"],"_links":{"self":[{"href":"https:\/\/diariodominicano.com\/index.php?rest_route=\/wp\/v2\/posts\/171706","targetHints":{"allow":["GET"]}}],"collection":[{"href":"https:\/\/diariodominicano.com\/index.php?rest_route=\/wp\/v2\/posts"}],"about":[{"href":"https:\/\/diariodominicano.com\/index.php?rest_route=\/wp\/v2\/types\/post"}],"author":[{"embeddable":true,"href":"https:\/\/diariodominicano.com\/index.php?rest_route=\/wp\/v2\/users\/3"}],"replies":[{"embeddable":true,"href":"https:\/\/diariodominicano.com\/index.php?rest_route=%2Fwp%2Fv2%2Fcomments&post=171706"}],"version-history":[{"count":0,"href":"https:\/\/diariodominicano.com\/index.php?rest_route=\/wp\/v2\/posts\/171706\/revisions"}],"wp:attachment":[{"href":"https:\/\/diariodominicano.com\/index.php?rest_route=%2Fwp%2Fv2%2Fmedia&parent=171706"}],"wp:term":[{"taxonomy":"category","embeddable":true,"href":"https:\/\/diariodominicano.com\/index.php?rest_route=%2Fwp%2Fv2%2Fcategories&post=171706"},{"taxonomy":"post_tag","embeddable":true,"href":"https:\/\/diariodominicano.com\/index.php?rest_route=%2Fwp%2Fv2%2Ftags&post=171706"}],"curies":[{"name":"wp","href":"https:\/\/api.w.org\/{rel}","templated":true}]}}