{"id":171702,"date":"2017-12-12T00:13:34","date_gmt":"2017-12-12T00:13:34","guid":{"rendered":"http:\/\/diariodominicano.ddns.net\/?p=171702"},"modified":"2017-12-12T00:13:34","modified_gmt":"2017-12-12T00:13:34","slug":"el-pld-en-nueva-york-celebrara-su-44-aniversario-con-un-encuentro-agasajo-navideno","status":"publish","type":"post","link":"https:\/\/diariodominicano.com\/?p=171702","title":{"rendered":"El PLD en Nueva York celebrar\u00e1 su 44 aniversario con un encuentro-agasajo navide\u00f1o"},"content":{"rendered":"<p><body><\/p>\n<p><img decoding=\"async\" src=\"img3\/Foto del Profesor Juan Bosch (1).png\" \/><br \/><img decoding=\"async\" src=\"img3\/PLD.png\" \/><br \/><img decoding=\"async\" src=\"img3\/PLD.png\" \/>  <\/p>\n<p><strong>NUEVA YORK, 12 de diciembre de 2017.- <\/strong>La Direcci\u00f3n Seccional Estatal de Nueva York del Partido de la Liberaci\u00f3n Dominicana (PLD) est\u00e1 invitando a sus dirigentes y miembros de sus distintos organismos a la celebraci\u00f3n de un encuentro y agasajo navide\u00f1o con motivo del cuadrag\u00e9simo cuarto aniversario de su fundaci\u00f3n, el viernes 15 de diciembre.<\/p>\n<\/p>\n<p>El evento se realizar\u00e1 a partir de las 7:00 de la noche en el local del PLD, situado en el 2005 de la avenida Amsterdam, 3er. piso, a esquina calle 159, en el Alto Manhattan.<\/p>\n<\/p>\n<p>La invtaci\u00f3n puesta a circular entre los peledeistas est\u00e1 firmada por Frank Cortorreal, presidente de la seccional estatal del PLD y miembro de su Comit\u00e9 Central. La misma es extensiva a periodistas, comunicadores y diarios digitales.<\/p>\n<\/p>\n<p>El Profesor Juan Bosch, quien fue el forjador de la democracia en la Rep\u00fablica Dominicana durante el Gobierno que presidi\u00f3 despu\u00e9s de reg\u00edmenes dictatoriales, fund\u00f3 el Partido de la Liberacion Dominciana el 15 de diciembre de 1973 junto a un grupo de dirigentes que siguiendo sus instrucciones e ideales se comprometieron a completer la obra de Juan Pablo Duarte de construir una Rep\u00fablica Dominicana libre y soberana.<\/p>\n<\/p>\n<p>Cortorreal dijo que la Direcci\u00f3n Seccional Estatal de Nueva York del Partido de la Liberaci\u00f3n Dominicana aprovechar\u00e1 la \u00e9poca navide\u00f1a para agasajar a sus dirigentes, miembros y simpatizantes este viernes 15 de diciembre en la celebraci\u00f3n de los 44 a\u00f1os de su fundaci\u00f3n en un ambiente de unidad y confraternidad.<\/p>\n<\/p>\n<p>La informaci\u00f3n fue ofrecida a los medios de prensa por el director de Comunicaciones de la seccional estatal del PLD en Nueva York, Luis Lithgow, quien es tambi\u00e9n miembro del Comit\u00e9 Central de esa entidad pol\u00edtica.(Adalberto Dom\u00ednguez)<\/p>\n<h6> 2017-12-12 00:13:34 <\/h6>\n<p><!--\n<link rel=\"stylesheet\" href=\"css\/bootstrap.min.css\">\n\n\n<ul class=\"pagination\">\n\t    \n\t\n\n<li >\n\t<a href='?page_no=6981'>Previous<\/a>\n\t<\/li>\n\n\n       \n    \n\n<li><a href='?page_no=1'>1<\/a><\/li>\n\n\n\n<li><a href='?page_no=2'>2<\/a><\/li>\n\n\n\n<li><a>...<\/a><\/li>\n\n\n\n<li><a href='?page_no=6980'>6980<\/a><\/li>\n\n\n\n<li><a href='?page_no=6981'>6981<\/a><\/li>\n\n\n\n<li class='active'><a>6982<\/a><\/li>\n\n\n\n<li><a href='?page_no=6983'>6983<\/a><\/li>\n\n\n\n<li><a href='?page_no=6984'>6984<\/a><\/li>\n\n\n\n<li><a>...<\/a><\/li>\n\n\n\n<li><a href='?page_no=36999'>36999<\/a><\/li>\n\n\n\n<li><a href='?page_no=37000'>37000<\/a><\/li>\n\n    \n\t\n\n<li >\n\t<a href='?page_no=6983'>Next<\/a>\n\t<\/li>\n\n\n    \n\n<li><a href='?page_no=37000'>Last &rsaquo;&rsaquo;<\/a><\/li>\n\n<\/ul>\n\n\n--><br \/>\n<\/body><\/p>\n","protected":false},"excerpt":{"rendered":"<p>NUEVA YORK, 12 de diciembre de 2017.- La Direcci\u00f3n Seccional Estatal de Nueva York del Partido de la Liberaci\u00f3n Dominicana (PLD) est\u00e1 invitando a sus dirigentes y miembros de sus distintos organismos a la celebraci\u00f3n de un encuentro y agasajo navide\u00f1o con motivo del cuadrag\u00e9simo cuarto aniversario de su fundaci\u00f3n, el viernes 15 de diciembre. [&hellip;]<\/p>\n","protected":false},"author":3,"featured_media":0,"comment_status":"open","ping_status":"open","sticky":false,"template":"","format":"standard","meta":{"footnotes":""},"categories":[22],"tags":[],"class_list":["post-171702","post","type-post","status-publish","format-standard","hentry","category-politica"],"_links":{"self":[{"href":"https:\/\/diariodominicano.com\/index.php?rest_route=\/wp\/v2\/posts\/171702","targetHints":{"allow":["GET"]}}],"collection":[{"href":"https:\/\/diariodominicano.com\/index.php?rest_route=\/wp\/v2\/posts"}],"about":[{"href":"https:\/\/diariodominicano.com\/index.php?rest_route=\/wp\/v2\/types\/post"}],"author":[{"embeddable":true,"href":"https:\/\/diariodominicano.com\/index.php?rest_route=\/wp\/v2\/users\/3"}],"replies":[{"embeddable":true,"href":"https:\/\/diariodominicano.com\/index.php?rest_route=%2Fwp%2Fv2%2Fcomments&post=171702"}],"version-history":[{"count":0,"href":"https:\/\/diariodominicano.com\/index.php?rest_route=\/wp\/v2\/posts\/171702\/revisions"}],"wp:attachment":[{"href":"https:\/\/diariodominicano.com\/index.php?rest_route=%2Fwp%2Fv2%2Fmedia&parent=171702"}],"wp:term":[{"taxonomy":"category","embeddable":true,"href":"https:\/\/diariodominicano.com\/index.php?rest_route=%2Fwp%2Fv2%2Fcategories&post=171702"},{"taxonomy":"post_tag","embeddable":true,"href":"https:\/\/diariodominicano.com\/index.php?rest_route=%2Fwp%2Fv2%2Ftags&post=171702"}],"curies":[{"name":"wp","href":"https:\/\/api.w.org\/{rel}","templated":true}]}}