{"id":171701,"date":"2017-12-12T06:08:30","date_gmt":"2017-12-12T06:08:30","guid":{"rendered":"http:\/\/diariodominicano.ddns.net\/?p=171701"},"modified":"2017-12-12T06:08:30","modified_gmt":"2017-12-12T06:08:30","slug":"venezuela-reconocimiento-entre-iguales","status":"publish","type":"post","link":"https:\/\/diariodominicano.com\/?p=171701","title":{"rendered":"Venezuela: reconocimiento entre iguales"},"content":{"rendered":"<p><body><\/p>\n<p><img decoding=\"async\" src=\"img3\/Nicolas-Maduro1.jpg\" \/>  <\/p>\n<p><span class=\"text1noticias\"> Por Luis Beaton<\/span><\/p>\n<p><span class=\"text1noticias\">Caracas, 12 dic (PL) El voto de una mayor\u00eda por las fuerzas de izquierda reafirma hoy la necesidad del reconocimiento entre iguales en el espectro pol\u00edtico venezolano, como condici\u00f3n necesaria para alcanzar entendimiento en el pa\u00eds.<\/span><\/p>\n<p><span class=\"text1noticias\"> <\/span><\/p>\n<p><span class=\"text1noticias\">Esa raz\u00f3n se puso de manifiesto en las elecciones municipales para alcaldes celebradas en Venezuela el domingo 10 de diciembre, en las cuales un total de seis millones 517 mil 605 electores se inclinaron por las fuerzas de izquierda, principalmente por el Partido Socialista Unido de Venezuela (Psuv).<\/span><\/p>\n<p><span class=\"text1noticias\"> <\/span><\/p>\n<p><span class=\"text1noticias\">Esa suma represent\u00f3 el 70 por ciento de los nueve millones 139 mil 564 personas que acudieron a las urnas para ejercer su derecho al sufragio y para dar el control a la izquierda chavista de 305 alcald\u00edas de 335 puestas en disputa ese d\u00eda.<\/span><\/p>\n<p><span class=\"text1noticias\"> <\/span><\/p>\n<p><span class=\"text1noticias\">Si se habla de tendencia, este solo ejemplo bastar\u00eda para afirmar que la oposici\u00f3n venezolana, que logr\u00f3 un total de dos millones 749 mil 778 votos ( 29 por ciento) para 25 alcald\u00edas, debe dejar a un lado fallidos e in\u00fatiles argumentos, y reconocer al chavismo como una fuerza pol\u00edtica, ya que razones y votos sobran.<\/span><\/p>\n<p><span class=\"text1noticias\"> <\/span><\/p>\n<p><span class=\"text1noticias\">En ese sentido se pronunci\u00f3 la v\u00edspera, , el presidente Nicol\u00e1s Maduro, al demandar el reconocimiento por parte de la derecha nacional e internacional, luego de la mayor victoria alcanzada por fuerza pol\u00edtica alguna desde 1830, como afirm\u00f3 el ministro de Informaci\u00f3n y Comunicaci\u00f3n, Jorge Rodr\u00edguez, al hablar de la magnitud del \u00e9xito en las urnas.<\/span><\/p>\n<p><span class=\"text1noticias\"> <\/span><\/p>\n<p><span class=\"text1noticias\">Desde el sal\u00f3n Sol del Per\u00fa, del Palacio Presidencial de Miraflores, en Caracas, el mandatario indic\u00f3 que &#8216;somos una realidad, somos una fuerza, no se nos puede seguir subestimando en el mundo, y la derecha subestimando aqu\u00ed. \u00bfHasta cu\u00e1ndo? El peor error que ustedes comente es seguir subestimando nuestro poder&#8217;, apunt\u00f3.<\/span><\/p>\n<p><span class=\"text1noticias\"> <\/span><\/p>\n<p><span class=\"text1noticias\">Subray\u00f3 para los que se niegan a ver el significado de esta victoria en las urnas que la Revoluci\u00f3n Bolivariana logr\u00f3 con el comandante Hugo Ch\u00e1vez reconstruir el bolivarianismo y con ello &#8216;el chavismo se transform\u00f3 en imbatible, en fuerza definitiva del siglo XXI&#8217;.<\/span><\/p>\n<p><span class=\"text1noticias\"> <\/span><\/p>\n<p><span class=\"text1noticias\">&#8216;Ojal\u00e1, dijo, alg\u00fan d\u00eda la derecha se baje de la nube de la arrogancia, de la prepotencia y reconozca que nosotros, los humildes de este pa\u00eds, los trabajadores, los obreros de este pa\u00eds, somos una realidad, y gobernamos este pa\u00eds y lo vamos a seguir gobernando con humildad, con amor y en democracia&#8217;.<\/span><\/p>\n<p><span class=\"text1noticias\"> <\/span><\/p>\n<p><span class=\"text1noticias\">En el reciente ejercicio en las urnas, por otra parte, se demostr\u00f3 que los venezolanos eligieron el voto, la v\u00eda democr\u00e1tica por encima del enfrentamiento violento que enarbol\u00f3 la derecha en los primeros meses del a\u00f1o, y, con su decisi\u00f3n, marcar el destino de la naci\u00f3n hacia una sociedad de paz y estabilidad.<\/span><\/p>\n<p><span class=\"text1noticias\"> <\/span><\/p>\n<p><span class=\"text1noticias\">El reconocimiento entre iguales, en el cual debe estar ausente la injerencia externa que promueve Estados Unidos y comparsa, tendr\u00e1 oportunidad de manifestarse el pr\u00f3ximo 15 de diciembre en Santo Domingo, capital de Rep\u00fablica Dominicana, donde gobierno y oposici\u00f3n se ver\u00e1n las caras en un di\u00e1logo por la paz y por el futuro del pa\u00eds. Se espera que en los pr\u00f3ximos d\u00edas, los venezolanos contin\u00faen apoyando el debate pol\u00edtico como salida obligada y necesaria para evitar el retorno a los d\u00edas de asedio, terror, de fascismo ejecutado entre abril y julio de este a\u00f1o, seg\u00fan record\u00f3 Maduro en Miraflores al tender el ramo de olivo a la oposici\u00f3n para hablar como iguales.<\/span><\/p>\n<p><span class=\"text1noticias\"> <\/span><\/p>\n<p><span class=\"text1noticias\">Este domingo se celebr\u00f3 en Venezuela la elecci\u00f3n n\u00famero 23 de los \u00faltimos 18 a\u00f1os, y la tercera de 2017, y con el triunfo de 21 de esas 23 elecciones, incluyendo las elecciones municipales, las fuerzas chavistas se consolidan como una gran fuerza pol\u00edtica en el pa\u00eds, lo reafirma para siempre la necesidad de su reconocimiento.<\/span><\/p>\n<p><span class=\"text1noticias\"> <\/span><\/p>\n<p><span class=\"text1noticias\">tgj\/lb\/cvl<\/span><\/p>\n<p><span class=\"text1noticias\">Temas Relacionados:<\/span><\/p>\n<\/p>\n<\/p>\n<\/p>\n<h6> 2017-12-12 06:08:30 <\/h6>\n<p><!--\n<link rel=\"stylesheet\" href=\"css\/bootstrap.min.css\">\n\n\n<ul class=\"pagination\">\n\t    \n\t\n\n<li >\n\t<a href='?page_no=6980'>Previous<\/a>\n\t<\/li>\n\n\n       \n    \n\n<li><a href='?page_no=1'>1<\/a><\/li>\n\n\n\n<li><a href='?page_no=2'>2<\/a><\/li>\n\n\n\n<li><a>...<\/a><\/li>\n\n\n\n<li><a href='?page_no=6979'>6979<\/a><\/li>\n\n\n\n<li><a href='?page_no=6980'>6980<\/a><\/li>\n\n\n\n<li class='active'><a>6981<\/a><\/li>\n\n\n\n<li><a href='?page_no=6982'>6982<\/a><\/li>\n\n\n\n<li><a href='?page_no=6983'>6983<\/a><\/li>\n\n\n\n<li><a>...<\/a><\/li>\n\n\n\n<li><a href='?page_no=36999'>36999<\/a><\/li>\n\n\n\n<li><a href='?page_no=37000'>37000<\/a><\/li>\n\n    \n\t\n\n<li >\n\t<a href='?page_no=6982'>Next<\/a>\n\t<\/li>\n\n\n    \n\n<li><a href='?page_no=37000'>Last &rsaquo;&rsaquo;<\/a><\/li>\n\n<\/ul>\n\n\n--><br \/>\n<\/body><\/p>\n","protected":false},"excerpt":{"rendered":"<p>Por Luis Beaton Caracas, 12 dic (PL) El voto de una mayor\u00eda por las fuerzas de izquierda reafirma hoy la necesidad del reconocimiento entre iguales en el espectro pol\u00edtico venezolano, como condici\u00f3n necesaria para alcanzar entendimiento en el pa\u00eds. Esa raz\u00f3n se puso de manifiesto en las elecciones municipales para alcaldes celebradas en Venezuela el [&hellip;]<\/p>\n","protected":false},"author":3,"featured_media":0,"comment_status":"open","ping_status":"open","sticky":false,"template":"","format":"standard","meta":{"footnotes":""},"categories":[22],"tags":[],"class_list":["post-171701","post","type-post","status-publish","format-standard","hentry","category-politica"],"_links":{"self":[{"href":"https:\/\/diariodominicano.com\/index.php?rest_route=\/wp\/v2\/posts\/171701","targetHints":{"allow":["GET"]}}],"collection":[{"href":"https:\/\/diariodominicano.com\/index.php?rest_route=\/wp\/v2\/posts"}],"about":[{"href":"https:\/\/diariodominicano.com\/index.php?rest_route=\/wp\/v2\/types\/post"}],"author":[{"embeddable":true,"href":"https:\/\/diariodominicano.com\/index.php?rest_route=\/wp\/v2\/users\/3"}],"replies":[{"embeddable":true,"href":"https:\/\/diariodominicano.com\/index.php?rest_route=%2Fwp%2Fv2%2Fcomments&post=171701"}],"version-history":[{"count":0,"href":"https:\/\/diariodominicano.com\/index.php?rest_route=\/wp\/v2\/posts\/171701\/revisions"}],"wp:attachment":[{"href":"https:\/\/diariodominicano.com\/index.php?rest_route=%2Fwp%2Fv2%2Fmedia&parent=171701"}],"wp:term":[{"taxonomy":"category","embeddable":true,"href":"https:\/\/diariodominicano.com\/index.php?rest_route=%2Fwp%2Fv2%2Fcategories&post=171701"},{"taxonomy":"post_tag","embeddable":true,"href":"https:\/\/diariodominicano.com\/index.php?rest_route=%2Fwp%2Fv2%2Ftags&post=171701"}],"curies":[{"name":"wp","href":"https:\/\/api.w.org\/{rel}","templated":true}]}}