{"id":171698,"date":"2017-12-12T12:18:19","date_gmt":"2017-12-12T12:18:19","guid":{"rendered":"http:\/\/diariodominicano.ddns.net\/?p=171698"},"modified":"2017-12-12T12:18:19","modified_gmt":"2017-12-12T12:18:19","slug":"senador-tommy-galan-la-favorece-unificacion-de-elecciones-en-el-2020","status":"publish","type":"post","link":"https:\/\/diariodominicano.com\/?p=171698","title":{"rendered":"Senador Tommy Gal\u00e1n la favorece unificaci\u00f3n de elecciones en el 2020"},"content":{"rendered":"<p><body><\/p>\n<p><img decoding=\"async\" src=\"img3\/tommyg.jpg\" \/>  <\/p>\n<p>SANTO DOMINGO.- El senador Tommy Gal\u00e1n favoreci\u00f3 la unificaci\u00f3n de las elecciones del 2020.<\/p>\n<\/p>\n<p>El legislador oficialista por la provincia de San Crist\u00f3bal admiti\u00f3, adem\u00e1s, la existencia de un vac\u00edo constitucional en la Rep\u00fablica Dominicana.<\/p>\n<\/p>\n<p>Gal\u00e1n expres\u00f3 que en la Reforma Constitucional del 2010 \u00abse forz\u00f3 una f\u00f3rmula para evitar arrastres y es m\u00e1s distorsionante que todas\u00bb.<\/p>\n<\/p>\n<p>\u00abComparto tus observaciones, y la mejor salida por esa raz\u00f3n y muchas otras es unificarlas nuevamente, gran error advertido en la reforma 2010. Se forz\u00f3 una f\u00f3rmula para evitar arrastres y es m\u00e1s distorsionante que todas\u00bb, expresa Gal\u00e1n en un twitter enviado a Julio Mart\u00ednez Pozo, uno de los productores del programa matutino El Sol de la Ma\u00f1ana, por Zol fm 106.5.<\/p>\n<\/p>\n<p>El p\u00e1rrafo 1, art\u00edculo 274 de la Constituci\u00f3n 2010, se\u00f1ala que \u00ablas autoridades municipales electas el tercer domingo de febrero de cada cuatro a\u00f1os tomar\u00e1n posesi\u00f3n el 24 de abril del mismo a\u00f1o\u00bb.<\/p>\n<h6> 2017-12-12 12:18:19 <\/h6>\n<p><!--\n<link rel=\"stylesheet\" href=\"css\/bootstrap.min.css\">\n\n\n<ul class=\"pagination\">\n\t    \n\t\n\n<li >\n\t<a href='?page_no=6978'>Previous<\/a>\n\t<\/li>\n\n\n       \n    \n\n<li><a href='?page_no=1'>1<\/a><\/li>\n\n\n\n<li><a href='?page_no=2'>2<\/a><\/li>\n\n\n\n<li><a>...<\/a><\/li>\n\n\n\n<li><a href='?page_no=6977'>6977<\/a><\/li>\n\n\n\n<li><a href='?page_no=6978'>6978<\/a><\/li>\n\n\n\n<li class='active'><a>6979<\/a><\/li>\n\n\n\n<li><a href='?page_no=6980'>6980<\/a><\/li>\n\n\n\n<li><a href='?page_no=6981'>6981<\/a><\/li>\n\n\n\n<li><a>...<\/a><\/li>\n\n\n\n<li><a href='?page_no=36999'>36999<\/a><\/li>\n\n\n\n<li><a href='?page_no=37000'>37000<\/a><\/li>\n\n    \n\t\n\n<li >\n\t<a href='?page_no=6980'>Next<\/a>\n\t<\/li>\n\n\n    \n\n<li><a href='?page_no=37000'>Last &rsaquo;&rsaquo;<\/a><\/li>\n\n<\/ul>\n\n\n--><br \/>\n<\/body><\/p>\n","protected":false},"excerpt":{"rendered":"<p>SANTO DOMINGO.- El senador Tommy Gal\u00e1n favoreci\u00f3 la unificaci\u00f3n de las elecciones del 2020. El legislador oficialista por la provincia de San Crist\u00f3bal admiti\u00f3, adem\u00e1s, la existencia de un vac\u00edo constitucional en la Rep\u00fablica Dominicana. Gal\u00e1n expres\u00f3 que en la Reforma Constitucional del 2010 \u00abse forz\u00f3 una f\u00f3rmula para evitar arrastres y es m\u00e1s distorsionante [&hellip;]<\/p>\n","protected":false},"author":3,"featured_media":0,"comment_status":"open","ping_status":"open","sticky":false,"template":"","format":"standard","meta":{"footnotes":""},"categories":[22],"tags":[],"class_list":["post-171698","post","type-post","status-publish","format-standard","hentry","category-politica"],"_links":{"self":[{"href":"https:\/\/diariodominicano.com\/index.php?rest_route=\/wp\/v2\/posts\/171698","targetHints":{"allow":["GET"]}}],"collection":[{"href":"https:\/\/diariodominicano.com\/index.php?rest_route=\/wp\/v2\/posts"}],"about":[{"href":"https:\/\/diariodominicano.com\/index.php?rest_route=\/wp\/v2\/types\/post"}],"author":[{"embeddable":true,"href":"https:\/\/diariodominicano.com\/index.php?rest_route=\/wp\/v2\/users\/3"}],"replies":[{"embeddable":true,"href":"https:\/\/diariodominicano.com\/index.php?rest_route=%2Fwp%2Fv2%2Fcomments&post=171698"}],"version-history":[{"count":0,"href":"https:\/\/diariodominicano.com\/index.php?rest_route=\/wp\/v2\/posts\/171698\/revisions"}],"wp:attachment":[{"href":"https:\/\/diariodominicano.com\/index.php?rest_route=%2Fwp%2Fv2%2Fmedia&parent=171698"}],"wp:term":[{"taxonomy":"category","embeddable":true,"href":"https:\/\/diariodominicano.com\/index.php?rest_route=%2Fwp%2Fv2%2Fcategories&post=171698"},{"taxonomy":"post_tag","embeddable":true,"href":"https:\/\/diariodominicano.com\/index.php?rest_route=%2Fwp%2Fv2%2Ftags&post=171698"}],"curies":[{"name":"wp","href":"https:\/\/api.w.org\/{rel}","templated":true}]}}