{"id":171696,"date":"2017-12-12T14:45:20","date_gmt":"2017-12-12T14:45:20","guid":{"rendered":"http:\/\/diariodominicano.ddns.net\/?p=171696"},"modified":"2017-12-12T14:45:20","modified_gmt":"2017-12-12T14:45:20","slug":"alejandrina-german-resalta-larga-tradicion-en-el-pld-debatiendo-ideas-y-poniendose-de-acuerdo","status":"publish","type":"post","link":"https:\/\/diariodominicano.com\/?p=171696","title":{"rendered":"Alejandrina Germ\u00e1n resalta larga tradici\u00f3n en el PLD debatiendo ideas y poni\u00e9ndose de acuerdo"},"content":{"rendered":"<p><body><\/p>\n<p><img decoding=\"async\" src=\"img3\/German.JPG\" \/>  <\/p>\n<p><span class=\"text1noticias\"> <\/span><\/p>\n<p><span class=\"text1noticias\">Santo Domingo, RD, 12 de diciembre, &#8211; Alejandrina Germ\u00e1n, integrante  del Comit\u00e9 Pol\u00edtico del gobernante Partido de la Liberaci\u00f3n Dominicana (PLD), reiter\u00f3 que en esa organizaci\u00f3n no hay divisi\u00f3n alguna como se afirma en los medios de comunicaci\u00f3n y que lo relativo a la reelecci\u00f3n presidencial no ha sido tema tratado a lo interno del Partido.<\/span><\/p>\n<p><span class=\"text1noticias\"> <\/span><\/p>\n<p><span class=\"text1noticias\">Germ\u00e1n respondi\u00f3 a los periodistas de Santiago de los Caballeros, quienes la abordaron sobre esos temas al concluir una actividad del Ministerio  de Educaci\u00f3n Superior, Ciencia y Tecnolog\u00eda, que ella dirige.<\/span><\/p>\n<p><span class=\"text1noticias\"> <\/span><\/p>\n<p><span class=\"text1noticias\">\u00abEn el PLD nos ponemos de acuerdo y decidimos qu\u00e9 vamos a hacer en cada coyuntura, sin necesidad de fraccionamiento. En el PLD el que se va vuelve o se extingue pol\u00edticamente. Nadie dejar\u00e1 el PLD por supuestos conflictos que solo aparecen en discusiones\u00bb, expres\u00f3.<\/span><\/p>\n<p><span class=\"text1noticias\"> <\/span><\/p>\n<p><span class=\"text1noticias\">Aprovech\u00f3 el dialogo con los comunicadores de la regi\u00f3n Norte para exhortar a sus compa\u00f1eros de Partido  a difundir solo  informaciones institucionales, porque \u00abcada uno hablando lo que quiere y opinando, esa no es la filosof\u00eda del partido ni principios, sino difundir lo institucional\u00bb.<\/span><\/p>\n<p><span class=\"text1noticias\"> <\/span><\/p>\n<p><span class=\"text1noticias\">En ese sentido, pidi\u00f3 que se espere el resultado del informe que realizan los expertos en derecho constitucional para saber si es o no violatorio a la Constituci\u00f3n la realizaci\u00f3n de primarias simultaneas usando el padr\u00f3n de la Junta Central Electoral<\/span><\/p>\n<p><span class=\"text1noticias\"> <\/span><\/p>\n<p><span class=\"text1noticias\"> \u00abDeber\u00edamos esperar el informe, discutirlo y decidir y despu\u00e9s hablar, y la verdad es que no nos callamos y eso trae esa percepci\u00f3n de divisi\u00f3n que no existe y yo estoy segura que no se va a dar\u00bb, signific\u00f3.<\/span><\/p>\n<p><span class=\"text1noticias\"> <\/span><\/p>\n<p><span class=\"text1noticias\">Sobre la re postulaci\u00f3n del Presidente Danilo Medina  dijo que en el PLD nadie ha estado hablando de la reelecci\u00f3n presidencial y critic\u00f3 el hecho de que este tema lo sigan poniendo en discusi\u00f3n y movi\u00e9ndolo en los medios de comunicaci\u00f3n.<\/span><\/p>\n<\/p>\n<h6> 2017-12-12 14:45:20 <\/h6>\n<p><!--\n<link rel=\"stylesheet\" href=\"css\/bootstrap.min.css\">\n\n\n<ul class=\"pagination\">\n\t    \n\t\n\n<li >\n\t<a href='?page_no=6976'>Previous<\/a>\n\t<\/li>\n\n\n       \n    \n\n<li><a href='?page_no=1'>1<\/a><\/li>\n\n\n\n<li><a href='?page_no=2'>2<\/a><\/li>\n\n\n\n<li><a>...<\/a><\/li>\n\n\n\n<li><a href='?page_no=6975'>6975<\/a><\/li>\n\n\n\n<li><a href='?page_no=6976'>6976<\/a><\/li>\n\n\n\n<li class='active'><a>6977<\/a><\/li>\n\n\n\n<li><a href='?page_no=6978'>6978<\/a><\/li>\n\n\n\n<li><a href='?page_no=6979'>6979<\/a><\/li>\n\n\n\n<li><a>...<\/a><\/li>\n\n\n\n<li><a href='?page_no=36999'>36999<\/a><\/li>\n\n\n\n<li><a href='?page_no=37000'>37000<\/a><\/li>\n\n    \n\t\n\n<li >\n\t<a href='?page_no=6978'>Next<\/a>\n\t<\/li>\n\n\n    \n\n<li><a href='?page_no=37000'>Last &rsaquo;&rsaquo;<\/a><\/li>\n\n<\/ul>\n\n\n--><br \/>\n<\/body><\/p>\n","protected":false},"excerpt":{"rendered":"<p>Santo Domingo, RD, 12 de diciembre, &#8211; Alejandrina Germ\u00e1n, integrante del Comit\u00e9 Pol\u00edtico del gobernante Partido de la Liberaci\u00f3n Dominicana (PLD), reiter\u00f3 que en esa organizaci\u00f3n no hay divisi\u00f3n alguna como se afirma en los medios de comunicaci\u00f3n y que lo relativo a la reelecci\u00f3n presidencial no ha sido tema tratado a lo interno del [&hellip;]<\/p>\n","protected":false},"author":3,"featured_media":0,"comment_status":"open","ping_status":"open","sticky":false,"template":"","format":"standard","meta":{"footnotes":""},"categories":[22],"tags":[],"class_list":["post-171696","post","type-post","status-publish","format-standard","hentry","category-politica"],"_links":{"self":[{"href":"https:\/\/diariodominicano.com\/index.php?rest_route=\/wp\/v2\/posts\/171696","targetHints":{"allow":["GET"]}}],"collection":[{"href":"https:\/\/diariodominicano.com\/index.php?rest_route=\/wp\/v2\/posts"}],"about":[{"href":"https:\/\/diariodominicano.com\/index.php?rest_route=\/wp\/v2\/types\/post"}],"author":[{"embeddable":true,"href":"https:\/\/diariodominicano.com\/index.php?rest_route=\/wp\/v2\/users\/3"}],"replies":[{"embeddable":true,"href":"https:\/\/diariodominicano.com\/index.php?rest_route=%2Fwp%2Fv2%2Fcomments&post=171696"}],"version-history":[{"count":0,"href":"https:\/\/diariodominicano.com\/index.php?rest_route=\/wp\/v2\/posts\/171696\/revisions"}],"wp:attachment":[{"href":"https:\/\/diariodominicano.com\/index.php?rest_route=%2Fwp%2Fv2%2Fmedia&parent=171696"}],"wp:term":[{"taxonomy":"category","embeddable":true,"href":"https:\/\/diariodominicano.com\/index.php?rest_route=%2Fwp%2Fv2%2Fcategories&post=171696"},{"taxonomy":"post_tag","embeddable":true,"href":"https:\/\/diariodominicano.com\/index.php?rest_route=%2Fwp%2Fv2%2Ftags&post=171696"}],"curies":[{"name":"wp","href":"https:\/\/api.w.org\/{rel}","templated":true}]}}