{"id":171695,"date":"2017-12-13T08:58:57","date_gmt":"2017-12-13T08:58:57","guid":{"rendered":"http:\/\/diariodominicano.ddns.net\/?p=171695"},"modified":"2017-12-13T08:58:57","modified_gmt":"2017-12-13T08:58:57","slug":"iris-guaba-llama-a-peledeistas-no-caer-en-el-juego-de-quienes-un-dia-fueron-y-ya-no-seran","status":"publish","type":"post","link":"https:\/\/diariodominicano.com\/?p=171695","title":{"rendered":"Iris Guaba llama a pelede\u00edstas, no caer en el juego de quienes  \u00abun d\u00eda fueron y ya no ser\u00e1n\u00bb"},"content":{"rendered":"<p><body><\/p>\n<p><img decoding=\"async\" src=\"img3\/Irisguaba13.JPG\" \/>  <\/p>\n<p><span class=\"text1noticias\">Santo Domingo, R. D., 13 de diciembre, 2017.- Tras pronunciamientos de diversas personalidades de la vida pol\u00edtica del pa\u00eds en torno a una supuesta crisis a lo interno del Partido de la Liberaci\u00f3n Dominicana, Iris Guaba sale al frente con una posici\u00f3n de unidad y fortalecimiento de los pelede\u00edstas.<\/span><\/p>\n<p><span class=\"text1noticias\"> <\/span><\/p>\n<p><span class=\"text1noticias\">Guaba asegur\u00f3 que en toda la historia del PLD, esa organizaci\u00f3n se ha distinguido por \u00abbarrer hacia dentro\u00bb, destacando que siempre han logrado sobrepasar cualquier diferencia interna, y que bajo cualquier situaci\u00f3n que indique que hay una crisis, siempre se actuar\u00e1 igual, \u00abanteponiendo los intereses del partido en general y no de particulares\u00bb.<\/span><\/p>\n<p><span class=\"text1noticias\"> <\/span><\/p>\n<p><span class=\"text1noticias\">\u00abEl PLD siempre se ha caracterizado por resolver sus diferencias de forma exitosa y cada crisis superada, deja a nuestras bases y liderazgos m\u00e1s unificados y m\u00e1s fortalecidos. Todo el que sabe de historia pol\u00edtica en el pa\u00eds debe reconocer esta parte, pero tambi\u00e9n todo aqu\u00e9l que apueste a dividir nuestro partido, particularmente yo le sugiero que busque otra forma de perder el tiempo, porque les aseguro que no lo van a lograr\u00bb, puntualiz\u00f3 Iris Guaba quien es miembro del Comit\u00e9 Central del partido de la estrella amarilla.<\/span><\/p>\n<p><span class=\"text1noticias\"> <\/span><\/p>\n<p><span class=\"text1noticias\">Guaba afirma tener la convicci\u00f3n de que tanto el presidente del PLD Leonel Fern\u00e1ndez, como el presidente de la Rep\u00fablica Danilo Medina, tienen un \u00fanico prop\u00f3sito que los mantiene unidos en el liderazgo del partido, que es mantener a esa organizaci\u00f3n pol\u00edtica en el gobierno, m\u00e1s all\u00e1 del 2020, por lo que \u00abyo estoy confiada en que ellos mantienen v\u00ednculos de comunicaci\u00f3n y consenso en torno al destino de nuestro partido y por ende del pa\u00eds\u00bb.<\/span><\/p>\n<p><span class=\"text1noticias\"> <\/span><\/p>\n<p><span class=\"text1noticias\">\u00abHay quienes por muchos a\u00f1os fueron grandes colaboradores del PLD y hoy, escudados en una posici\u00f3n de alegada amistad y preocupaci\u00f3n, no hacen m\u00e1s que fomentar la divisi\u00f3n, buscando fortalecer una percepci\u00f3n para convertirla en realidad. El PLD es el PLD y nadie externo ni interno podr\u00e1 colocarse por encima de lo que conviene a la mayor\u00eda. Eso que no lo sue\u00f1en, que no va a pasar\u00bb, indic\u00f3.<\/span><\/p>\n<p><span class=\"text1noticias\"> <\/span><\/p>\n<p><span class=\"text1noticias\">Fuente: Tessie A\u00edda S\u00e1nchez Kidd<\/span><\/p>\n<p><span class=\"text1noticias\">Presidenta TASK Media Agency<\/span><\/p>\n<p><span class=\"text1noticias\">Asesor\u00eda en manejo de imagen institucional y corporativa<\/span><\/p>\n<p><span class=\"text1noticias\">Comunicaci\u00f3n, Prensa y Relaciones P\u00fablicas<\/span><\/p>\n<\/p>\n<h6> 2017-12-13 08:58:57 <\/h6>\n<p><!--\n<link rel=\"stylesheet\" href=\"css\/bootstrap.min.css\">\n\n\n<ul class=\"pagination\">\n\t    \n\t\n\n<li >\n\t<a href='?page_no=6975'>Previous<\/a>\n\t<\/li>\n\n\n       \n    \n\n<li><a href='?page_no=1'>1<\/a><\/li>\n\n\n\n<li><a href='?page_no=2'>2<\/a><\/li>\n\n\n\n<li><a>...<\/a><\/li>\n\n\n\n<li><a href='?page_no=6974'>6974<\/a><\/li>\n\n\n\n<li><a href='?page_no=6975'>6975<\/a><\/li>\n\n\n\n<li class='active'><a>6976<\/a><\/li>\n\n\n\n<li><a href='?page_no=6977'>6977<\/a><\/li>\n\n\n\n<li><a href='?page_no=6978'>6978<\/a><\/li>\n\n\n\n<li><a>...<\/a><\/li>\n\n\n\n<li><a href='?page_no=36999'>36999<\/a><\/li>\n\n\n\n<li><a href='?page_no=37000'>37000<\/a><\/li>\n\n    \n\t\n\n<li >\n\t<a href='?page_no=6977'>Next<\/a>\n\t<\/li>\n\n\n    \n\n<li><a href='?page_no=37000'>Last &rsaquo;&rsaquo;<\/a><\/li>\n\n<\/ul>\n\n\n--><br \/>\n<\/body><\/p>\n","protected":false},"excerpt":{"rendered":"<p>Santo Domingo, R. D., 13 de diciembre, 2017.- Tras pronunciamientos de diversas personalidades de la vida pol\u00edtica del pa\u00eds en torno a una supuesta crisis a lo interno del Partido de la Liberaci\u00f3n Dominicana, Iris Guaba sale al frente con una posici\u00f3n de unidad y fortalecimiento de los pelede\u00edstas. Guaba asegur\u00f3 que en toda la [&hellip;]<\/p>\n","protected":false},"author":3,"featured_media":0,"comment_status":"open","ping_status":"open","sticky":false,"template":"","format":"standard","meta":{"footnotes":""},"categories":[22],"tags":[],"class_list":["post-171695","post","type-post","status-publish","format-standard","hentry","category-politica"],"_links":{"self":[{"href":"https:\/\/diariodominicano.com\/index.php?rest_route=\/wp\/v2\/posts\/171695","targetHints":{"allow":["GET"]}}],"collection":[{"href":"https:\/\/diariodominicano.com\/index.php?rest_route=\/wp\/v2\/posts"}],"about":[{"href":"https:\/\/diariodominicano.com\/index.php?rest_route=\/wp\/v2\/types\/post"}],"author":[{"embeddable":true,"href":"https:\/\/diariodominicano.com\/index.php?rest_route=\/wp\/v2\/users\/3"}],"replies":[{"embeddable":true,"href":"https:\/\/diariodominicano.com\/index.php?rest_route=%2Fwp%2Fv2%2Fcomments&post=171695"}],"version-history":[{"count":0,"href":"https:\/\/diariodominicano.com\/index.php?rest_route=\/wp\/v2\/posts\/171695\/revisions"}],"wp:attachment":[{"href":"https:\/\/diariodominicano.com\/index.php?rest_route=%2Fwp%2Fv2%2Fmedia&parent=171695"}],"wp:term":[{"taxonomy":"category","embeddable":true,"href":"https:\/\/diariodominicano.com\/index.php?rest_route=%2Fwp%2Fv2%2Fcategories&post=171695"},{"taxonomy":"post_tag","embeddable":true,"href":"https:\/\/diariodominicano.com\/index.php?rest_route=%2Fwp%2Fv2%2Ftags&post=171695"}],"curies":[{"name":"wp","href":"https:\/\/api.w.org\/{rel}","templated":true}]}}