{"id":171694,"date":"2017-12-13T12:46:20","date_gmt":"2017-12-13T12:46:20","guid":{"rendered":"http:\/\/diariodominicano.ddns.net\/?p=171694"},"modified":"2017-12-13T12:46:20","modified_gmt":"2017-12-13T12:46:20","slug":"prm-considera-reconocimiento-de-trump-a-jerusalen-como-capital-de-israel-es-contraproducente-a-los-esfuerzos-de-paz","status":"publish","type":"post","link":"https:\/\/diariodominicano.com\/?p=171694","title":{"rendered":"PRM considera reconocimiento de Trump a Jerusal\u00e9n como capital de Israel es contraproducente a los esfuerzos de paz"},"content":{"rendered":"<p><body><\/p>\n<p><img decoding=\"async\" src=\"img3\/Andres B0.jpg\" \/>  <\/p>\n<p><strong>SANTO DOMINGO, RD, 13 de diciembre de 2017.-<\/strong> El Partido Revolucionario Moderno (PRM) consider\u00f3 este mi\u00e9rcoles  que la decisi\u00f3n del Presidente de los Estados Unidos de Am\u00e9rica, Donald Trump, de reconocer a Jerusal\u00e9n como capital de Israel, es contraproducente a la lucha por la Paz entre Palestina e Israel, porque viola la Resoluci\u00f3n 181 de la Organizaci\u00f3n de las Naciones Unidas, que reconoce el Estado Palestino.<\/p>\n<\/p>\n<\/p>\n<p><strong>En un documento firmado por el presidente, el secretario y el secretario de Asuntos Internacionales, Andr\u00e9s Bautista, Jes\u00fas V\u00e1squez y Rafael B\u00e1ez P\u00e9rez, respectivamente, el PRM se une a pa\u00edses como Francia, Alemania, Inglaterra, M\u00e9xico, entre otros, que han profesado su apego de paz entre israel\u00edes y palestinos.<\/strong><\/p>\n<\/p>\n<\/p>\n<p>Como partido pol\u00edtico democr\u00e1tico y progresista, comprometido siempre con la paz, entendemos que la decisi\u00f3n del presidente Trump de reconocer a Jerusal\u00e9n como capital de Israel, viola la Resoluci\u00f3n 181 de la Organizaci\u00f3n las Naciones Unidas, que declara un estado palestino, otro israel\u00ed y una tercera porci\u00f3n bajo el control internacional, donde est\u00e1n ubicadas las hist\u00f3ricas ciudades de Bel\u00e9n y Jerusal\u00e9n<\/p>\n<\/p>\n<\/p>\n<p>La comunidad internacional y hasta pasados presidentes norteamericanos hab\u00edan respetado esa resoluci\u00f3n; por lo que, alterar ese equilibrio en estos momentos, constituye una provocaci\u00f3n innecesaria que incentiva la protesta y la violencia en una regi\u00f3n que necesita armon\u00eda y paz,<\/p>\n<\/p>\n<\/p>\n<p>Unimos nuestra voz y nuestro esfuerzo a las dem\u00e1s organizaciones progresistas y socialdem\u00f3cratas a las que pertenecemos, as\u00ed como a la de los pa\u00edses que como Francia, Alemania, Inglaterra y M\u00e9xico, ya se han manifestado en favor de proceso de paz entre israel\u00edes y palestinos, agraga el PRM.<\/p>\n<h6> 2017-12-13 12:46:20 <\/h6>\n<p><!--\n<link rel=\"stylesheet\" href=\"css\/bootstrap.min.css\">\n\n\n<ul class=\"pagination\">\n\t    \n\t\n\n<li >\n\t<a href='?page_no=6974'>Previous<\/a>\n\t<\/li>\n\n\n       \n    \n\n<li><a href='?page_no=1'>1<\/a><\/li>\n\n\n\n<li><a href='?page_no=2'>2<\/a><\/li>\n\n\n\n<li><a>...<\/a><\/li>\n\n\n\n<li><a href='?page_no=6973'>6973<\/a><\/li>\n\n\n\n<li><a href='?page_no=6974'>6974<\/a><\/li>\n\n\n\n<li class='active'><a>6975<\/a><\/li>\n\n\n\n<li><a href='?page_no=6976'>6976<\/a><\/li>\n\n\n\n<li><a href='?page_no=6977'>6977<\/a><\/li>\n\n\n\n<li><a>...<\/a><\/li>\n\n\n\n<li><a href='?page_no=36999'>36999<\/a><\/li>\n\n\n\n<li><a href='?page_no=37000'>37000<\/a><\/li>\n\n    \n\t\n\n<li >\n\t<a href='?page_no=6976'>Next<\/a>\n\t<\/li>\n\n\n    \n\n<li><a href='?page_no=37000'>Last &rsaquo;&rsaquo;<\/a><\/li>\n\n<\/ul>\n\n\n--><br \/>\n<\/body><\/p>\n","protected":false},"excerpt":{"rendered":"<p>SANTO DOMINGO, RD, 13 de diciembre de 2017.- El Partido Revolucionario Moderno (PRM) consider\u00f3 este mi\u00e9rcoles que la decisi\u00f3n del Presidente de los Estados Unidos de Am\u00e9rica, Donald Trump, de reconocer a Jerusal\u00e9n como capital de Israel, es contraproducente a la lucha por la Paz entre Palestina e Israel, porque viola la Resoluci\u00f3n 181 de [&hellip;]<\/p>\n","protected":false},"author":3,"featured_media":0,"comment_status":"open","ping_status":"open","sticky":false,"template":"","format":"standard","meta":{"footnotes":""},"categories":[22],"tags":[],"class_list":["post-171694","post","type-post","status-publish","format-standard","hentry","category-politica"],"_links":{"self":[{"href":"https:\/\/diariodominicano.com\/index.php?rest_route=\/wp\/v2\/posts\/171694","targetHints":{"allow":["GET"]}}],"collection":[{"href":"https:\/\/diariodominicano.com\/index.php?rest_route=\/wp\/v2\/posts"}],"about":[{"href":"https:\/\/diariodominicano.com\/index.php?rest_route=\/wp\/v2\/types\/post"}],"author":[{"embeddable":true,"href":"https:\/\/diariodominicano.com\/index.php?rest_route=\/wp\/v2\/users\/3"}],"replies":[{"embeddable":true,"href":"https:\/\/diariodominicano.com\/index.php?rest_route=%2Fwp%2Fv2%2Fcomments&post=171694"}],"version-history":[{"count":0,"href":"https:\/\/diariodominicano.com\/index.php?rest_route=\/wp\/v2\/posts\/171694\/revisions"}],"wp:attachment":[{"href":"https:\/\/diariodominicano.com\/index.php?rest_route=%2Fwp%2Fv2%2Fmedia&parent=171694"}],"wp:term":[{"taxonomy":"category","embeddable":true,"href":"https:\/\/diariodominicano.com\/index.php?rest_route=%2Fwp%2Fv2%2Fcategories&post=171694"},{"taxonomy":"post_tag","embeddable":true,"href":"https:\/\/diariodominicano.com\/index.php?rest_route=%2Fwp%2Fv2%2Ftags&post=171694"}],"curies":[{"name":"wp","href":"https:\/\/api.w.org\/{rel}","templated":true}]}}