{"id":171693,"date":"2017-12-13T14:00:23","date_gmt":"2017-12-13T14:00:23","guid":{"rendered":"http:\/\/diariodominicano.ddns.net\/?p=171693"},"modified":"2017-12-13T14:00:23","modified_gmt":"2017-12-13T14:00:23","slug":"domingo-17-democracia-cristiana-comunismo-y-la-opcion-por-los-pobres","status":"publish","type":"post","link":"https:\/\/diariodominicano.com\/?p=171693","title":{"rendered":"Domingo 17. Democracia Cristiana, comunismo y la opci\u00f3n por los pobres"},"content":{"rendered":"<p><body><\/p>\n<p>Federico E. Cavada Kuhlmann<\/p>\n<\/p>\n<p><strong>  ALAI, 12 de diciembre de 2017.<\/strong><\/p>\n<\/p>\n<p>Hace ya muchos a\u00f1os, en 1954 ?cuando viv\u00eda en la Poblaci\u00f3n Quinta Bella de El Salto-, trabajaba con un sacerdote jesuita, el padre Alfredo Waught, en la Capilla Autom\u00f3vil \u00abJes\u00fas el Buen Pastor\u00bb. Era una camioneta Chevrolet modelo 52 que sobre su cargador ten\u00eda un altar y que al levantar la carpa que lo cubr\u00eda serv\u00eda para celebrar la misa.<\/p>\n<\/p>\n<p>Eran muchas y diversas la poblaciones que recorr\u00eda. El domingo lleg\u00e1bamos a la Poblaci\u00f3n D\u00e1vila y por los altoparlantes de la Capilla \u00edbamos anunciando \u00ab&#8230;a las 11 la Santa Misa en Alhue esquina de Huequen\u00bb&#8230;y all\u00ed se reun\u00eda la gente. Pero la Quinta Bella y la D\u00e1vila no eran las \u00fanicas. Tambi\u00e9n eran muchas \u00abcallampas\u00bb como la Colo Colo a orillas de las v\u00edas del tren a Valpara\u00edso, o la del Zanj\u00f3n de la Aguada, que se incendi\u00f3 totalmente y que fue origen de la Victoria. No s\u00f3lo Misa, llev\u00e1bamos cine, deportes, teatro, amistad. Se trabajaba con los pobladores intensamente, con los pobres a los que Cristo hab\u00eda dado prioridad en sus tareas pastorales antes de ser asesinado por el Imperio.<\/p>\n<\/p>\n<p>Esa tarea me hizo comenzar a buscar una actividad pol\u00edtica que de alguna manera repitiera la frase de Jes\u00fas citada por Lucas, \u00ab&#8230;he venido a anunciar la Buena Noticia a los pobres\u00bb.<\/p>\n<\/p>\n<p>En esa b\u00fasqueda me top\u00e9 con la Falange Nacional de la cual Emilio Mac Namara era su presidente all\u00ed en la comuna en que yo viv\u00eda, Conchal\u00ed. Las primeras cosas que conoc\u00ed eran el profundo compromiso con los pobres y su clara posici\u00f3n, que podr\u00edamos llamar, de cristianos de izquierda. Su fundador Eduardo Frei hab\u00eda renunciando a su cargo de Ministro de Obras Publicas y se retir\u00f3 junto al Partido Comunista del Gobierno despu\u00e9s de la Masacre de la Plaza Bulnes, donde hab\u00edan muerto seis trabajadores ?la joven comunista Ramona Parra la m\u00e1s emblem\u00e1tica- y que dej\u00f3 un gran n\u00famero de heridos. La movilizaci\u00f3n obrera se hab\u00eda producido despu\u00e9s que el Gobierno anulara la personer\u00eda jur\u00eddica de los sindicatos de las Oficinas Salitreras Mapocho y Humberstone.<\/p>\n<\/p>\n<p>Tambi\u00e9n me enter\u00e9 que junto a los comunistas, unos pocos radicales, algunos socialistas, la Falange Nacional hab\u00eda votado contra la llamada \u00abLey Maldita\u00bb que puso fuera de la ley al Partido Comunista y permiti\u00f3 llenar el campo de concentraci\u00f3n instalado en Pisagua ?revivido d\u00e9cadas despu\u00e9s por la dictadura de Pinochet- que permiti\u00f3 encarcelar a miles de militantes de ese partido. Asimismo logr\u00e9 saber algo que me preocupaba. \u00bfQu\u00e9 relaci\u00f3n ideol\u00f3gica hab\u00eda entre esta Falange Nacional chilena y la Falange Espa\u00f1ola que apoyaba a Franco? Supe entonces la historia, que a\u00f1os m\u00e1s tarde me confirm\u00f3 mi gran amigo Alberto Jerez.<\/p>\n<\/p>\n<p>Cuando los muchachos que fundaron ese partido estaban dando sus primeros pasos, eran frecuentemente victimas de palizas que se encargaban de darles sus compa\u00f1eros conservadores que no compart\u00edan eso que Jes\u00fas dec\u00eda \u00ab&#8230;dichosos vosotros, los pobres, porque vuestro es el Reino de Dios\u00bb, de la manera que Jes\u00fas entend\u00eda el Reino de Dios. Justicia, igualdad, derechos y libertad. Por ello un d\u00eda en la oficina de Ignacio Palma, \u00e9ste decidi\u00f3 la formaci\u00f3n de unas falanges militarizadas para defenderse. Ah\u00ed naci\u00f3 el nombre y tambi\u00e9n la flecha roja, para darles de pu\u00f1etes a los momios.<\/p>\n<\/p>\n<p>La declaraci\u00f3n de principios de la Falange hac\u00eda una clara opci\u00f3n por los pobres, as\u00ed que decid\u00ed que para m\u00ed, \u00e9se era el partido para construir una Patria Justa.<\/p>\n<\/p>\n<p>He estado leyendo y escuchando algunas controversias de militantes de la Democracia Cristiana sobre el votar o no votar por Alejandro Guillier ya que es apoyado por los comunistas. \u00bfCu\u00e1l es el problema por eso?<\/p>\n<\/p>\n<p>La DC ha tenido un largo debate ideol\u00f3gico con el comunismo a trav\u00e9s de los a\u00f1os, pero jam\u00e1s ha dejado de actuar con ellos cuando los objetivos han sido los mismos, justicia social, libertad econ\u00f3mica, independencia pol\u00edtica. Hemos sido por largos a\u00f1os y muchas veces adversarios pol\u00edticos, pero tambi\u00e9n hemos tenido por largos a\u00f1os objetivos comunes por los que hemos luchado tomados de la mano. Quienes niegan esto es por que ingresaron al partido por objetivos que no son los enunciados.<\/p>\n<\/p>\n<p>Quienes est\u00e1n decidiendo votar por la derecha es porque siempre fueron derechistas y aprovecharon la inmensa fuerza del PDC para sus fines personales o son aquellos a los que le vejez ya les trajo la senectud. Hay otros \u00abviejos ilustres\u00bb como Ren\u00e1n Fuentalba, con cien a\u00f1os de vida o Mariano Ruiz-Ezquide que adem\u00e1s significan los caminos por donde ha transitado la ex Falange y ellos votan Guillier.<\/p>\n<\/p>\n<p>O sea, solo a los que le afecta la senectud podr\u00edamos pensar que est\u00e1n liberados del juicio de traidores al mensaje de la Opci\u00f3n por los Pobres. Pobres, para la interpretaci\u00f3n cristiana ?por lo tanto para el partido que se denomina Dem\u00f3crata Cristiano- son ante todo los pobres socio-econ\u00f3micos, los marginados. Los postergados y ultrajados por el capitalismo.<\/p>\n<\/p>\n<p>La conclusi\u00f3n es clara y definitiva. M\u00e1s all\u00e1 de que haya sido errada o no la estrategia del Partido en las Presidenciales, hoy sus militantes y simpatizantes si de verdad son militantes y si son consecuentes con su simpat\u00eda, no pueden \u00abinventar\u00bb el anticomunismo para disfrazar su militancia enemiga del pueblo.<\/p>\n<\/p>\n<\/p>\n<p>https:\/\/www.alainet.org\/es\/articulo\/189808<\/p>\n<\/p>\n<p>Del mismo autor<\/p>\n<\/p>\n<p>Domingo 17. Democracia Cristiana, comunismo y la opci\u00f3n por los pobres    12\/12\/2017<\/p>\n<p>Padre Miguel, un cristiano que desde las \u00abcallampas\u00bb de Santiago hasta la ONU dio testimonio    20\/06\/2017<\/p>\n<p>Camino a la democracia chilena    28\/04\/2017<\/p>\n<p>Trump, el poder divino    20\/04\/2017<\/p>\n<p>Trump, enfrentamientos en Berkeley, recuerdos de Five Points    10\/03\/2017<\/p>\n<p>Trump, empleando la tradici\u00f3n    02\/03\/2017<\/p>\n<p>Garrotazo a la construcci\u00f3n de la democracia    09\/04\/2016<\/p>\n<h6> 2017-12-13 14:00:23 <\/h6>\n<p><!--\n<link rel=\"stylesheet\" href=\"css\/bootstrap.min.css\">\n\n\n<ul class=\"pagination\">\n\t    \n\t\n\n<li >\n\t<a href='?page_no=6973'>Previous<\/a>\n\t<\/li>\n\n\n       \n    \n\n<li><a href='?page_no=1'>1<\/a><\/li>\n\n\n\n<li><a href='?page_no=2'>2<\/a><\/li>\n\n\n\n<li><a>...<\/a><\/li>\n\n\n\n<li><a href='?page_no=6972'>6972<\/a><\/li>\n\n\n\n<li><a href='?page_no=6973'>6973<\/a><\/li>\n\n\n\n<li class='active'><a>6974<\/a><\/li>\n\n\n\n<li><a href='?page_no=6975'>6975<\/a><\/li>\n\n\n\n<li><a href='?page_no=6976'>6976<\/a><\/li>\n\n\n\n<li><a>...<\/a><\/li>\n\n\n\n<li><a href='?page_no=36999'>36999<\/a><\/li>\n\n\n\n<li><a href='?page_no=37000'>37000<\/a><\/li>\n\n    \n\t\n\n<li >\n\t<a href='?page_no=6975'>Next<\/a>\n\t<\/li>\n\n\n    \n\n<li><a href='?page_no=37000'>Last &rsaquo;&rsaquo;<\/a><\/li>\n\n<\/ul>\n\n\n--><br \/>\n<\/body><\/p>\n","protected":false},"excerpt":{"rendered":"<p>Federico E. Cavada Kuhlmann ALAI, 12 de diciembre de 2017. Hace ya muchos a\u00f1os, en 1954 ?cuando viv\u00eda en la Poblaci\u00f3n Quinta Bella de El Salto-, trabajaba con un sacerdote jesuita, el padre Alfredo Waught, en la Capilla Autom\u00f3vil \u00abJes\u00fas el Buen Pastor\u00bb. Era una camioneta Chevrolet modelo 52 que sobre su cargador ten\u00eda un [&hellip;]<\/p>\n","protected":false},"author":3,"featured_media":0,"comment_status":"open","ping_status":"open","sticky":false,"template":"","format":"standard","meta":{"footnotes":""},"categories":[22],"tags":[],"class_list":["post-171693","post","type-post","status-publish","format-standard","hentry","category-politica"],"_links":{"self":[{"href":"https:\/\/diariodominicano.com\/index.php?rest_route=\/wp\/v2\/posts\/171693","targetHints":{"allow":["GET"]}}],"collection":[{"href":"https:\/\/diariodominicano.com\/index.php?rest_route=\/wp\/v2\/posts"}],"about":[{"href":"https:\/\/diariodominicano.com\/index.php?rest_route=\/wp\/v2\/types\/post"}],"author":[{"embeddable":true,"href":"https:\/\/diariodominicano.com\/index.php?rest_route=\/wp\/v2\/users\/3"}],"replies":[{"embeddable":true,"href":"https:\/\/diariodominicano.com\/index.php?rest_route=%2Fwp%2Fv2%2Fcomments&post=171693"}],"version-history":[{"count":0,"href":"https:\/\/diariodominicano.com\/index.php?rest_route=\/wp\/v2\/posts\/171693\/revisions"}],"wp:attachment":[{"href":"https:\/\/diariodominicano.com\/index.php?rest_route=%2Fwp%2Fv2%2Fmedia&parent=171693"}],"wp:term":[{"taxonomy":"category","embeddable":true,"href":"https:\/\/diariodominicano.com\/index.php?rest_route=%2Fwp%2Fv2%2Fcategories&post=171693"},{"taxonomy":"post_tag","embeddable":true,"href":"https:\/\/diariodominicano.com\/index.php?rest_route=%2Fwp%2Fv2%2Ftags&post=171693"}],"curies":[{"name":"wp","href":"https:\/\/api.w.org\/{rel}","templated":true}]}}