{"id":171692,"date":"2017-12-13T14:17:31","date_gmt":"2017-12-13T14:17:31","guid":{"rendered":"http:\/\/diariodominicano.ddns.net\/?p=171692"},"modified":"2017-12-13T14:17:31","modified_gmt":"2017-12-13T14:17:31","slug":"juristas-defienden-constitucionalidad-de-las-primarias-abiertas","status":"publish","type":"post","link":"https:\/\/diariodominicano.com\/?p=171692","title":{"rendered":"Juristas defienden constitucionalidad de las primarias abiertas"},"content":{"rendered":"<p><body><\/p>\n<p><img decoding=\"async\" src=\"img3\/Panel sobre las primarias abiertas.jpg\" \/><br \/><img decoding=\"async\" src=\"img3\/panelistas.jpg\" \/><br \/><img decoding=\"async\" src=\"img3\/publico presente.jpg\" \/>  <\/p>\n<p><span class=\"text1noticias\"> <\/span><\/p>\n<p><span class=\"text1noticias\">Santo Domingo, Rep. Dom., 13 diciembre del 2017.- Durante un panel auspiciado por la Fundaci\u00f3n Justicia y Transparencia (FJT), los juristas y constitucionalistas Julio Cury, y Jos\u00e9 Alejandro Ayuso, junto al polit\u00f3logos Freddy \u00c1ngel Castro y Daniel Pou, analizaron el contexto legal, constitucional y pol\u00edtico de las primarias abiertas y cerradas, de cara al proceso de discusi\u00f3n y consenso de la reforma electoral en la Rep\u00fablica Dominicana.<\/span><\/p>\n<p><span class=\"text1noticias\">Tanto Julio Cury, como Jos\u00e9 Alejandro Ayuso, coincidieron en la procedencia legal y constitucional de las primarias abiertas, adem\u00e1s de sostener que ser\u00eda lo m\u00e1s saludable para la democracia, al garantizar la participaci\u00f3n de ciudadanos y ciudadanas en los procesos pol\u00edticos en el marco del art\u00edculo 7 de la constituci\u00f3n que proclama el Estado Social y Democr\u00e1tico de Derecho.<\/span><\/p>\n<p><span class=\"text1noticias\">A grandes rasgos Freddy \u00c1ngel Castro y Daniel Pou, favorecieron las primarias cerradas, tras considerar que instaurar un sistema con primarias abiertas y simultaneas, resultar\u00eda perjudicial y da\u00f1ino para el funcionamiento y democracia interna de los partidos pol\u00edticos, afectando por dem\u00e1s la esencia y naturaleza de los mismo.<\/span><\/p>\n<p><span class=\"text1noticias\">El primero en exponer fue Julio Cury, quien explic\u00f3 las virtudes del sistema de primarias abiertas, coincidiendo con el experto en derecho constitucional Jos\u00e9 Alejandro Ayuso. Ambos juristas abordaron la experiencia comparada sobre la materia en pa\u00edses como Espa\u00f1a, as\u00ed como el alcance y efectos del art\u00edculo 277 de la Constituci\u00f3n y la sentencia de la Suprema Corte de Justicia, que declar\u00f3 la nulidad de la Ley 286-04, que establec\u00eda el sistema de elecciones primarias simult\u00e1neas con voto universal, directo y secreto.<\/span><\/p>\n<p><span class=\"text1noticias\">Asimismo, Julio Cury consider\u00f3 que los partidos son puentes entre el pueblo y el Estado, por lo que el papel regulador del legislador debe asegurar la efectividad de los derechos que les reconoce el art\u00edculo 216 a los ciudadanos, incluido el de la participaci\u00f3n ciudadana, no de militantes o afiliados, en todos los procesos pol\u00edticos.<\/span><\/p>\n<p><span class=\"text1noticias\">Jos\u00e9 Alejandro Ayuso fue enf\u00e1tico al exponer la experiencia comparada de Europa y otros pa\u00edses, donde el nuevo enfoque constitucional y la evoluci\u00f3n y rol de los partidos pol\u00edticos lo ha llevado a transitar f\u00f3rmulas de mayor apertura y participaci\u00f3n, dentro de ellas de manera prioritarias las primarias abiertas.<\/span><\/p>\n<p><span class=\"text1noticias\">De su lado, el reconocido polit\u00f3logo y abogado Freddy \u00c1ngel Castro, sostuvo que las primarias abiertas violan el derecho de asociatividad de los miembros de los partidos, por lo tanto, las considera inconstitucional.<\/span><\/p>\n<p><span class=\"text1noticias\">El polit\u00f3logo Daniel Pou abord\u00f3 el rol de los partidos pol\u00edticos como \u00f3rganos constitucionales y su democracia interna. Sostuvo que el sistema de partidos del pa\u00eds necesita una profunda revisi\u00f3n. Se manifest\u00f3 opuesto a la pretensi\u00f3n de implementar las primarias abiertas y simult\u00e1neas en los partidos pol\u00edticos de la Rep\u00fablica.<\/span><\/p>\n<p><span class=\"text1noticias\">\u00abLos partidos son expresiones de las diferentes particularidades que conforman la sociedad, por eso los partidos no pueden permitirse abrirse para que personas que no participen de la v\u00eda org\u00e1nica de ellos pudieran determinar ciertos cursos que deben tomar\u00bb, explic\u00f3 Daniel Pou.<\/span><\/p>\n<p><span class=\"text1noticias\">La actividad conto con la participaci\u00f3n de un nutrido grupo de juristas y pol\u00edticos, provenientes de la maestr\u00eda en derecho constitucional y procesal constitucional, que coordina Trajano Potentini, quien tambi\u00e9n sirvi\u00f3 como moderador en su condici\u00f3n de presidente de la Fundaci\u00f3n Justicia y Transparencia (FJT), entidad responsable del panel.<\/span><\/p>\n<p><span class=\"text1noticias\">Asimismo, estuvieron presente el diputado por el PRM Amado D\u00edaz, el regidor Soto Lara, Johnny P\u00e9rez y P\u00e9rez, Carlos Ortiz, el Ex Procurador General de la Rep\u00fablica V\u00edctor C\u00e9spedes, Manuel Escotto, Enrique Garc\u00eda, una representaci\u00f3n de La Red Latinoamericana de J\u00f3venes por la Democracia (Juventud Lac), y Melanio Paredes, este \u00faltimo miembro del Comit\u00e9 Central del Partido de la Liberaci\u00f3n Dominicana (PLD), quien al hacer uso de la palabra consider\u00f3 que las primarias abiertas es un tema pol\u00edtico. Agreg\u00f3 que en ese sentido su partido est\u00e1 jugando una \u00abchicana pol\u00edtica\u00bb, con el anuncio de contratar juristas para tomar una decisi\u00f3n sobre el tema.<\/span><\/p>\n<\/p>\n<h6> 2017-12-13 14:17:31 <\/h6>\n<p><!--\n<link rel=\"stylesheet\" href=\"css\/bootstrap.min.css\">\n\n\n<ul class=\"pagination\">\n\t    \n\t\n\n<li >\n\t<a href='?page_no=6972'>Previous<\/a>\n\t<\/li>\n\n\n       \n    \n\n<li><a href='?page_no=1'>1<\/a><\/li>\n\n\n\n<li><a href='?page_no=2'>2<\/a><\/li>\n\n\n\n<li><a>...<\/a><\/li>\n\n\n\n<li><a href='?page_no=6971'>6971<\/a><\/li>\n\n\n\n<li><a href='?page_no=6972'>6972<\/a><\/li>\n\n\n\n<li class='active'><a>6973<\/a><\/li>\n\n\n\n<li><a href='?page_no=6974'>6974<\/a><\/li>\n\n\n\n<li><a href='?page_no=6975'>6975<\/a><\/li>\n\n\n\n<li><a>...<\/a><\/li>\n\n\n\n<li><a href='?page_no=36999'>36999<\/a><\/li>\n\n\n\n<li><a href='?page_no=37000'>37000<\/a><\/li>\n\n    \n\t\n\n<li >\n\t<a href='?page_no=6974'>Next<\/a>\n\t<\/li>\n\n\n    \n\n<li><a href='?page_no=37000'>Last &rsaquo;&rsaquo;<\/a><\/li>\n\n<\/ul>\n\n\n--><br \/>\n<\/body><\/p>\n","protected":false},"excerpt":{"rendered":"<p>Santo Domingo, Rep. Dom., 13 diciembre del 2017.- Durante un panel auspiciado por la Fundaci\u00f3n Justicia y Transparencia (FJT), los juristas y constitucionalistas Julio Cury, y Jos\u00e9 Alejandro Ayuso, junto al polit\u00f3logos Freddy \u00c1ngel Castro y Daniel Pou, analizaron el contexto legal, constitucional y pol\u00edtico de las primarias abiertas y cerradas, de cara al proceso [&hellip;]<\/p>\n","protected":false},"author":3,"featured_media":0,"comment_status":"open","ping_status":"open","sticky":false,"template":"","format":"standard","meta":{"footnotes":""},"categories":[22],"tags":[],"class_list":["post-171692","post","type-post","status-publish","format-standard","hentry","category-politica"],"_links":{"self":[{"href":"https:\/\/diariodominicano.com\/index.php?rest_route=\/wp\/v2\/posts\/171692","targetHints":{"allow":["GET"]}}],"collection":[{"href":"https:\/\/diariodominicano.com\/index.php?rest_route=\/wp\/v2\/posts"}],"about":[{"href":"https:\/\/diariodominicano.com\/index.php?rest_route=\/wp\/v2\/types\/post"}],"author":[{"embeddable":true,"href":"https:\/\/diariodominicano.com\/index.php?rest_route=\/wp\/v2\/users\/3"}],"replies":[{"embeddable":true,"href":"https:\/\/diariodominicano.com\/index.php?rest_route=%2Fwp%2Fv2%2Fcomments&post=171692"}],"version-history":[{"count":0,"href":"https:\/\/diariodominicano.com\/index.php?rest_route=\/wp\/v2\/posts\/171692\/revisions"}],"wp:attachment":[{"href":"https:\/\/diariodominicano.com\/index.php?rest_route=%2Fwp%2Fv2%2Fmedia&parent=171692"}],"wp:term":[{"taxonomy":"category","embeddable":true,"href":"https:\/\/diariodominicano.com\/index.php?rest_route=%2Fwp%2Fv2%2Fcategories&post=171692"},{"taxonomy":"post_tag","embeddable":true,"href":"https:\/\/diariodominicano.com\/index.php?rest_route=%2Fwp%2Fv2%2Ftags&post=171692"}],"curies":[{"name":"wp","href":"https:\/\/api.w.org\/{rel}","templated":true}]}}