{"id":171690,"date":"2017-12-14T10:49:01","date_gmt":"2017-12-14T10:49:01","guid":{"rendered":"http:\/\/diariodominicano.ddns.net\/?p=171690"},"modified":"2017-12-14T10:49:01","modified_gmt":"2017-12-14T10:49:01","slug":"cristina-lizardo-temas-internos-del-pld-se-tratan-en-los-organismos","status":"publish","type":"post","link":"https:\/\/diariodominicano.com\/?p=171690","title":{"rendered":"Cristina Lizardo: temas internos del PLD se tratan en los organismos"},"content":{"rendered":"<p><body><\/p>\n<p><img decoding=\"async\" src=\"img3\/Clizardo14.jpg\" \/>  <\/p>\n<p><strong><span class=\"text1noticias\">Santo Domingo, R. D., 14 de diciembre, 2017.-<\/span><\/strong><span class=\"text1noticias\"> Cristina Lizardo, miembro del Comit\u00e9 Pol\u00edtico del Partido de la Liberaci\u00f3n Dominicana (PLD), rehus\u00f3 hacer p\u00fablico su parecer en relaci\u00f3n con el tipo con la celebraci\u00f3n de las primarias a contemplarse en el proyecto de Ley de Partidos y Agrupaciones Pol\u00edticas, por sujetarse al formato seguido en su organizaci\u00f3n de que temas puntuales deben ser tratados en los organismos.<\/span><\/p>\n<p><span class=\"text1noticias\"> <\/span><\/p>\n<p><span class=\"text1noticias\">En ese sentido, la senadora por la provincia Santo Domingo dijo que sus posiciones al respecto las plantean en el Comit\u00e9 Pol\u00edtico y con ello contribuye a evitar roces entre las partes que luego son vistos como divisi\u00f3n.<\/span><\/p>\n<p><span class=\"text1noticias\"> <\/span><\/p>\n<p><span class=\"text1noticias\">\u00abSoy abanderada de la unidad. Que es lo que le ha dado resultado al Partido de la Liberaci\u00f3n Dominicana\u00bb, expres\u00f3 Cristina Lizardo, coordinadora de las actividades que organiza la direcci\u00f3n del PLD con motivo del 44 aniversario de la organizaci\u00f3n.<\/span><\/p>\n<p><span class=\"text1noticias\"> <\/span><\/p>\n<p><span class=\"text1noticias\">Lizardo reiter\u00f3 la convocatoria a los miembros de esa organizaci\u00f3n al acto de izamiento de banderas, Nacional y del PLD en la Casa Nacional a las 8 de la ma\u00f1ana de este viernes 15 y acto seguido, el dep\u00f3sito de una Ofrenda Floral ante el busto del fundador del PLD en dicha sede.<\/span><\/p>\n<p><span class=\"text1noticias\"> <\/span><\/p>\n<p><span class=\"text1noticias\">Sobre lo que debe ser el accionar pol\u00edtico en navidad, la legisladora entiende que la sociedad dominicana requiere que se le de sus espacios, sin embargo se\u00f1ala que cada organizaci\u00f3n pol\u00edtica tomar\u00e1 la medida que considere.<\/span><\/p>\n<p><span class=\"text1noticias\"> <\/span><\/p>\n<p><span class=\"text1noticias\">\u00abPero de nuestra parte creo que hay que dejar la sociedad que al finalizar el a\u00f1o comparta con familia, analice la situaci\u00f3n. Porque todo tiene su tiempo\u00bb acot\u00f3 Cristina Lizardo en la nota divulgada por el PLD, a trav\u00e9s de la Secretar\u00eda de Comunicaciones<\/span><\/p>\n<p><span class=\"text1noticias\"> <\/span><\/p>\n<p><span class=\"text1noticias\">Asimismo, la senadora por la provincia Santo Domingo toc\u00f3 el tema de la diferencia en el PLD, dijo que estas est\u00e1n presentes en todos los conglomerados sociales y se constituyen en un elemento esencial para la democracia.<\/span><\/p>\n<p><span class=\"text1noticias\"> <\/span><\/p>\n<p><span class=\"text1noticias\">\u00abEl PLD se mantendr\u00e1 unido y jugar\u00e1 el papel que tiene que jugar en beneficio de la sociedad dominicana\u00bb, concluy\u00f3.<\/span><\/p>\n<p><span class=\"text1noticias\"> <\/span><\/p>\n<p><span class=\"text1noticias\">Fuente: SECRETAR\u00cdA DE COMUNICACIONES <\/span><\/p>\n<p><span class=\"text1noticias\">14 DE DICIEM<\/span>BRE, 2017<\/p>\n<\/p>\n<h6> 2017-12-14 10:49:01 <\/h6>\n<p><!--\n<link rel=\"stylesheet\" href=\"css\/bootstrap.min.css\">\n\n\n<ul class=\"pagination\">\n\t    \n\t\n\n<li >\n\t<a href='?page_no=6970'>Previous<\/a>\n\t<\/li>\n\n\n       \n    \n\n<li><a href='?page_no=1'>1<\/a><\/li>\n\n\n\n<li><a href='?page_no=2'>2<\/a><\/li>\n\n\n\n<li><a>...<\/a><\/li>\n\n\n\n<li><a href='?page_no=6969'>6969<\/a><\/li>\n\n\n\n<li><a href='?page_no=6970'>6970<\/a><\/li>\n\n\n\n<li class='active'><a>6971<\/a><\/li>\n\n\n\n<li><a href='?page_no=6972'>6972<\/a><\/li>\n\n\n\n<li><a href='?page_no=6973'>6973<\/a><\/li>\n\n\n\n<li><a>...<\/a><\/li>\n\n\n\n<li><a href='?page_no=36999'>36999<\/a><\/li>\n\n\n\n<li><a href='?page_no=37000'>37000<\/a><\/li>\n\n    \n\t\n\n<li >\n\t<a href='?page_no=6972'>Next<\/a>\n\t<\/li>\n\n\n    \n\n<li><a href='?page_no=37000'>Last &rsaquo;&rsaquo;<\/a><\/li>\n\n<\/ul>\n\n\n--><br \/>\n<\/body><\/p>\n","protected":false},"excerpt":{"rendered":"<p>Santo Domingo, R. D., 14 de diciembre, 2017.- Cristina Lizardo, miembro del Comit\u00e9 Pol\u00edtico del Partido de la Liberaci\u00f3n Dominicana (PLD), rehus\u00f3 hacer p\u00fablico su parecer en relaci\u00f3n con el tipo con la celebraci\u00f3n de las primarias a contemplarse en el proyecto de Ley de Partidos y Agrupaciones Pol\u00edticas, por sujetarse al formato seguido en [&hellip;]<\/p>\n","protected":false},"author":3,"featured_media":0,"comment_status":"open","ping_status":"open","sticky":false,"template":"","format":"standard","meta":{"footnotes":""},"categories":[22],"tags":[],"class_list":["post-171690","post","type-post","status-publish","format-standard","hentry","category-politica"],"_links":{"self":[{"href":"https:\/\/diariodominicano.com\/index.php?rest_route=\/wp\/v2\/posts\/171690","targetHints":{"allow":["GET"]}}],"collection":[{"href":"https:\/\/diariodominicano.com\/index.php?rest_route=\/wp\/v2\/posts"}],"about":[{"href":"https:\/\/diariodominicano.com\/index.php?rest_route=\/wp\/v2\/types\/post"}],"author":[{"embeddable":true,"href":"https:\/\/diariodominicano.com\/index.php?rest_route=\/wp\/v2\/users\/3"}],"replies":[{"embeddable":true,"href":"https:\/\/diariodominicano.com\/index.php?rest_route=%2Fwp%2Fv2%2Fcomments&post=171690"}],"version-history":[{"count":0,"href":"https:\/\/diariodominicano.com\/index.php?rest_route=\/wp\/v2\/posts\/171690\/revisions"}],"wp:attachment":[{"href":"https:\/\/diariodominicano.com\/index.php?rest_route=%2Fwp%2Fv2%2Fmedia&parent=171690"}],"wp:term":[{"taxonomy":"category","embeddable":true,"href":"https:\/\/diariodominicano.com\/index.php?rest_route=%2Fwp%2Fv2%2Fcategories&post=171690"},{"taxonomy":"post_tag","embeddable":true,"href":"https:\/\/diariodominicano.com\/index.php?rest_route=%2Fwp%2Fv2%2Ftags&post=171690"}],"curies":[{"name":"wp","href":"https:\/\/api.w.org\/{rel}","templated":true}]}}