{"id":171689,"date":"2017-12-14T11:50:25","date_gmt":"2017-12-14T11:50:25","guid":{"rendered":"http:\/\/diariodominicano.ddns.net\/?p=171689"},"modified":"2017-12-14T11:50:25","modified_gmt":"2017-12-14T11:50:25","slug":"diputado-elpidio-baez-denuncia-que-armas-y-celulares-robados-son-llevados-a-haiti-y-jamaica-por-una-banda-criminal","status":"publish","type":"post","link":"https:\/\/diariodominicano.com\/?p=171689","title":{"rendered":"Diputado Elpidio B\u00e1ez denuncia que armas y celulares robados son llevados a Hait\u00ed y Jamaica por una banda criminal"},"content":{"rendered":"<p><body><\/p>\n<p><img decoding=\"async\" src=\"img3\/elpidios.jpg\" \/>  <\/p>\n<p>El diputado Elpidio B\u00e1ez denunci\u00f3 que el auge en los asesinatos de miembros de la polic\u00eda Nacional y empresarios para robarles sus armas de fuego es motivado por la existencia en el pa\u00eds de una organizaci\u00f3n criminal cuya actividad principal es llevar dichas armas a Hait\u00ed y Jamaica para negociarlas all\u00e1 y ponerlas al servicio del crimen en esos pa\u00edses.<\/p>\n<\/p>\n<p>B\u00e1ez, ex presidente de la Comisi\u00f3n de Interior y Polic\u00eda de la C\u00e1mara de Diputados al participar como invitado en el programa PERIODISMO Y SOCIEDAD por el Canal 6 que produce Andr\u00e9s Matos, afirm\u00f3 tener confiables informes de que tambi\u00e9n los celulares robados son parte del lucrativo negocio de lo que llamo una banda organizada que opera de forma activa y coordinada en Hait\u00ed, Jamaica y Rep\u00fablica Dominicana.<\/p>\n<\/p>\n<p>Dijo que es preocupante que Rep\u00fablica Dominicana sea el \u00fanico pa\u00eds que mas agentes del orden pierden la vida en tiempo de paz.<\/p>\n<\/p>\n<p>\u00abY ese es un problema al que se le debe prestar mucha mas atenci\u00f3n, ya que no se justifica que un agente del orden, preparado para la defensa, con una carrera militar avanzada pierda la vida por quitarle el arma de reglamento\u00bb.<\/p>\n<\/p>\n<p>\u00bfPara que matan un oficial, un miembro de la Polic\u00eda Nacional, de las Fuerzas Armadas o empresarios? A seguidas se responde, \u00abpara robarles sus armas, las cuales transportan a otros pa\u00edses, las que son para intercambiarlas por Drogas en Hait\u00ed y Jamaica. Tambi\u00e9n los celulares, los llevan a esos pa\u00edses y a Colombia\u00bb.<\/p>\n<\/p>\n<p>Ejemplific\u00f3 \u00abEl robo de celulares y armas es una gran actividad productiva para esas bandas. Imag\u00ednate un celular de 50 mil pesos, lo roban y lo revenden en dos o tres mil pesos y en esos pa\u00edses lo descodifican y lo distribuyen, gan\u00e1ndose un gran dinero\u00bb.<\/p>\n<\/p>\n<p>Resalt\u00f3 la limitante consistente en que la polic\u00eda no tiene la capacidad t\u00e9cnica para detectar la gran cantidad de cr\u00edmenes de esos tipos, agreg\u00e1ndole la complicidad, el involucramiento de miembros de las instituciones en esas organizaciones criminales de robos y asesinatos por armas y celulares<\/p>\n<\/p>\n<p>Reclam\u00f3 que la polic\u00eda tiene que recibir mejores condiciones de vida, mejores salarios, viviendas, educaci\u00f3n, un seguro de salud y de vida.<\/p>\n<\/p>\n<p>\u00abQue la carrera de la polic\u00eda sea atractiva para los mejores ciudadanos. Provocar que el cuello de botella de la polic\u00eda, de la existencia de mas oficiales que rasos, lo que provoque, entre otras causas, que el patrullaje sea d\u00e9bil en la sociedad\u00bb, exclam\u00f3.<\/p>\n<\/p>\n<p>Llam\u00f3 al presidente a que preste atenci\u00f3n al salario real de la polic\u00eda, el cual no se efectu\u00f3 como estaba previsto, solo se aument\u00f3 en incentivos, y no al salario base de la uniformada como debe ser.<\/p>\n<\/p>\n<p>Dijo que tambi\u00e9n debe haber un fuerte r\u00e9gimen de consecuencia en la polic\u00eda, cuando tengas mejores condiciones, ser dr\u00e1sticos con los agentes que \u00abpicotean\u00bb en las calles y a delincuentes, descuidando la calidad del servicio.<\/p>\n<\/p>\n<p>Dijo que la polic\u00eda tiene que trabajar su imagen, aumentar la credibilidad de la poblaci\u00f3n hacia la polic\u00eda, lo que se logra con la eficientizacion del servicio.<\/p>\n<\/p>\n<p>Si el gobierno no invierte lo suficiente en seguridad, no tendr\u00e1 resultados adecuados. Adem\u00e1s, reclama una mayor coordinaci\u00f3n entre los organismos de seguridad, resaltando la necesidad un Ley de Inteligencia y Seguridad, la Ley del Libro Blanco de las Fuerzas armadas, una Ley que procure la modernizaci\u00f3n de los organismos de seguridad\u00bb.<\/p>\n<\/p>\n<p><iframe loading=\"lazy\" title=\"ENTREVISTA ELPIDO BAEZ\" width=\"616\" height=\"347\" src=\"https:\/\/www.youtube.com\/embed\/Qvu6G37l68s?feature=oembed\" frameborder=\"0\" allow=\"accelerometer; autoplay; clipboard-write; encrypted-media; gyroscope; picture-in-picture; web-share\" referrerpolicy=\"strict-origin-when-cross-origin\" allowfullscreen><\/iframe><\/p>\n<h6> 2017-12-14 11:50:25 <\/h6>\n<p><!--\n<link rel=\"stylesheet\" href=\"css\/bootstrap.min.css\">\n\n\n<ul class=\"pagination\">\n\t    \n\t\n\n<li >\n\t<a href='?page_no=6969'>Previous<\/a>\n\t<\/li>\n\n\n       \n    \n\n<li><a href='?page_no=1'>1<\/a><\/li>\n\n\n\n<li><a href='?page_no=2'>2<\/a><\/li>\n\n\n\n<li><a>...<\/a><\/li>\n\n\n\n<li><a href='?page_no=6968'>6968<\/a><\/li>\n\n\n\n<li><a href='?page_no=6969'>6969<\/a><\/li>\n\n\n\n<li class='active'><a>6970<\/a><\/li>\n\n\n\n<li><a href='?page_no=6971'>6971<\/a><\/li>\n\n\n\n<li><a href='?page_no=6972'>6972<\/a><\/li>\n\n\n\n<li><a>...<\/a><\/li>\n\n\n\n<li><a href='?page_no=36999'>36999<\/a><\/li>\n\n\n\n<li><a href='?page_no=37000'>37000<\/a><\/li>\n\n    \n\t\n\n<li >\n\t<a href='?page_no=6971'>Next<\/a>\n\t<\/li>\n\n\n    \n\n<li><a href='?page_no=37000'>Last &rsaquo;&rsaquo;<\/a><\/li>\n\n<\/ul>\n\n\n--><br \/>\n<\/body><\/p>\n","protected":false},"excerpt":{"rendered":"<p>El diputado Elpidio B\u00e1ez denunci\u00f3 que el auge en los asesinatos de miembros de la polic\u00eda Nacional y empresarios para robarles sus armas de fuego es motivado por la existencia en el pa\u00eds de una organizaci\u00f3n criminal cuya actividad principal es llevar dichas armas a Hait\u00ed y Jamaica para negociarlas all\u00e1 y ponerlas al servicio [&hellip;]<\/p>\n","protected":false},"author":3,"featured_media":0,"comment_status":"open","ping_status":"open","sticky":false,"template":"","format":"standard","meta":{"footnotes":""},"categories":[22],"tags":[],"class_list":["post-171689","post","type-post","status-publish","format-standard","hentry","category-politica"],"_links":{"self":[{"href":"https:\/\/diariodominicano.com\/index.php?rest_route=\/wp\/v2\/posts\/171689","targetHints":{"allow":["GET"]}}],"collection":[{"href":"https:\/\/diariodominicano.com\/index.php?rest_route=\/wp\/v2\/posts"}],"about":[{"href":"https:\/\/diariodominicano.com\/index.php?rest_route=\/wp\/v2\/types\/post"}],"author":[{"embeddable":true,"href":"https:\/\/diariodominicano.com\/index.php?rest_route=\/wp\/v2\/users\/3"}],"replies":[{"embeddable":true,"href":"https:\/\/diariodominicano.com\/index.php?rest_route=%2Fwp%2Fv2%2Fcomments&post=171689"}],"version-history":[{"count":0,"href":"https:\/\/diariodominicano.com\/index.php?rest_route=\/wp\/v2\/posts\/171689\/revisions"}],"wp:attachment":[{"href":"https:\/\/diariodominicano.com\/index.php?rest_route=%2Fwp%2Fv2%2Fmedia&parent=171689"}],"wp:term":[{"taxonomy":"category","embeddable":true,"href":"https:\/\/diariodominicano.com\/index.php?rest_route=%2Fwp%2Fv2%2Fcategories&post=171689"},{"taxonomy":"post_tag","embeddable":true,"href":"https:\/\/diariodominicano.com\/index.php?rest_route=%2Fwp%2Fv2%2Ftags&post=171689"}],"curies":[{"name":"wp","href":"https:\/\/api.w.org\/{rel}","templated":true}]}}