{"id":171683,"date":"2017-12-14T13:13:22","date_gmt":"2017-12-14T13:13:22","guid":{"rendered":"http:\/\/diariodominicano.ddns.net\/?p=171683"},"modified":"2017-12-14T13:13:22","modified_gmt":"2017-12-14T13:13:22","slug":"en-el-44-aniversario-del-pld-melanio-paredes-reflexiona-sugiriendo-que-esa-organizacion-tiene-que-retomar-pensamiento-de-su-fundador-y-lider-historico","status":"publish","type":"post","link":"https:\/\/diariodominicano.com\/?p=171683","title":{"rendered":"En el 44 aniversario del PLD Melanio Paredes reflexiona sugiriendo que esa organizaci\u00f3n tiene que retomar pensamiento de su fundador y l\u00edder hist\u00f3rico"},"content":{"rendered":"<p><body><\/p>\n<p><img decoding=\"async\" src=\"img3\/melanio.jpg\" \/>  <\/p>\n<p>Volver a Bosch es rescatar la pol\u00edtica como servicio, es asumir el compromiso con los pobres y la poblaci\u00f3n m\u00e1s vulnerable. Concebir y ejecutar pol\u00edticas que propendan al bien com\u00fan, es propiciar el progreso y bienestar social con justicia y equidad.<\/p>\n<\/p>\n<p>La opini\u00f3n es de Melanio Paredes, miembro del Comit\u00e9 Central del Partido de la Liberaci\u00f3n Dominicana, contenida en un art\u00edculo denominado \u00abVolver a Bosch para ganar con calidad\u00bb, enviado al peri\u00f3dico Vanguardia del Pueblo y rese\u00f1ado por la Secretar\u00eda de Comunicaciones.<\/p>\n<\/p>\n<p>\u00abReasumir la m\u00edstica boschista es ajustar todos nuestros actos, en el servicio p\u00fablico como en la vida privada a un conjunto de valores \u00e9tico- morales universalmente entendidos como correctos y que no caducan con el tiempo\u00bb, agreg\u00f3 Paredes, a prop\u00f3sito de la celebraci\u00f3n este 15 de diciembre del 44 aniversario de la fundaci\u00f3n del PLD.<\/p>\n<\/p>\n<p>El dirigente pol\u00edtico y educador dijo que es necesario una gran alianza en la que el pueblo dominicano no sea un convidado de piedra, \u00abpues es el pueblo el \u00fanico due\u00f1o del patrimonio de esta media isla y forjador con su trabajo de la riqueza producida\u00bb.<\/p>\n<\/p>\n<p>Considera  el ex ministro de educaci\u00f3n que el Partido de la Liberaci\u00f3n Dominicana debe pactar con la poblaci\u00f3n y volver a Bosch para ganar con calidad, recuperando toda la autoridad por la que esta le confi\u00f3 al poder, refrendado por un ejercicio gubernamental que puede y tiene que dar m\u00e1s, llenando con creces sus leg\u00edtimas expectativas.<\/p>\n<\/p>\n<p>\u00abA\u00fan estamos a tiempo, pues en los gobiernos de Leonel Fern\u00e1ndez como en la presente administraci\u00f3n de Danilo Medina se han sembrado pilares a partir de los cuales se podr\u00e1 profundizar mediante la adopci\u00f3n de pol\u00edticas p\u00fablicas inclusivas que propendan a la cohesi\u00f3n social\u00bb, explica.<\/p>\n<\/p>\n<p>Melanio Paredes manifiesta que ampliando conquistas, protegiendo derechos y entregando a la sociedad lo que por d\u00e9cadas ha estado esperando de sus gobiernos en cuanto a realizaciones concretas que le rediman de sus padecimientos m\u00e1s acuciantes.<\/p>\n<\/p>\n<p>En su art\u00edculo sugiere atacar frontalmente la desigualdad y la pobreza, resolver el insufrible caos del servicio de transporte y el mortificante estado de inseguridad ciudadana, a su juicio, tres retos inaplazables en los que desde ya, la gesti\u00f3n de gobierno del Partido de Juan Bosch tiene que mostrar voluntad, presteza y eficacia en la formulaci\u00f3n y ejecuci\u00f3n de los proyectos.<\/p>\n<\/p>\n<p>Igualmente, emprendimientos que aseguren resultados plausibles e incontrastables, saldando una deuda social que ya no admite mora pues conducir\u00eda al definitivo descredito pol\u00edtico y la p\u00e9rdida del poder.<\/p>\n<h6> 2017-12-14 13:13:22 <\/h6>\n<p><!--\n<link rel=\"stylesheet\" href=\"css\/bootstrap.min.css\">\n\n\n<ul class=\"pagination\">\n\t    \n\t\n\n<li >\n\t<a href='?page_no=6964'>Previous<\/a>\n\t<\/li>\n\n\n       \n    \n\n<li><a href='?page_no=1'>1<\/a><\/li>\n\n\n\n<li><a href='?page_no=2'>2<\/a><\/li>\n\n\n\n<li><a>...<\/a><\/li>\n\n\n\n<li><a href='?page_no=6963'>6963<\/a><\/li>\n\n\n\n<li><a href='?page_no=6964'>6964<\/a><\/li>\n\n\n\n<li class='active'><a>6965<\/a><\/li>\n\n\n\n<li><a href='?page_no=6966'>6966<\/a><\/li>\n\n\n\n<li><a href='?page_no=6967'>6967<\/a><\/li>\n\n\n\n<li><a>...<\/a><\/li>\n\n\n\n<li><a href='?page_no=36999'>36999<\/a><\/li>\n\n\n\n<li><a href='?page_no=37000'>37000<\/a><\/li>\n\n    \n\t\n\n<li >\n\t<a href='?page_no=6966'>Next<\/a>\n\t<\/li>\n\n\n    \n\n<li><a href='?page_no=37000'>Last &rsaquo;&rsaquo;<\/a><\/li>\n\n<\/ul>\n\n\n--><br \/>\n<\/body><\/p>\n","protected":false},"excerpt":{"rendered":"<p>Volver a Bosch es rescatar la pol\u00edtica como servicio, es asumir el compromiso con los pobres y la poblaci\u00f3n m\u00e1s vulnerable. Concebir y ejecutar pol\u00edticas que propendan al bien com\u00fan, es propiciar el progreso y bienestar social con justicia y equidad. La opini\u00f3n es de Melanio Paredes, miembro del Comit\u00e9 Central del Partido de la [&hellip;]<\/p>\n","protected":false},"author":3,"featured_media":0,"comment_status":"open","ping_status":"open","sticky":false,"template":"","format":"standard","meta":{"footnotes":""},"categories":[22],"tags":[],"class_list":["post-171683","post","type-post","status-publish","format-standard","hentry","category-politica"],"_links":{"self":[{"href":"https:\/\/diariodominicano.com\/index.php?rest_route=\/wp\/v2\/posts\/171683","targetHints":{"allow":["GET"]}}],"collection":[{"href":"https:\/\/diariodominicano.com\/index.php?rest_route=\/wp\/v2\/posts"}],"about":[{"href":"https:\/\/diariodominicano.com\/index.php?rest_route=\/wp\/v2\/types\/post"}],"author":[{"embeddable":true,"href":"https:\/\/diariodominicano.com\/index.php?rest_route=\/wp\/v2\/users\/3"}],"replies":[{"embeddable":true,"href":"https:\/\/diariodominicano.com\/index.php?rest_route=%2Fwp%2Fv2%2Fcomments&post=171683"}],"version-history":[{"count":0,"href":"https:\/\/diariodominicano.com\/index.php?rest_route=\/wp\/v2\/posts\/171683\/revisions"}],"wp:attachment":[{"href":"https:\/\/diariodominicano.com\/index.php?rest_route=%2Fwp%2Fv2%2Fmedia&parent=171683"}],"wp:term":[{"taxonomy":"category","embeddable":true,"href":"https:\/\/diariodominicano.com\/index.php?rest_route=%2Fwp%2Fv2%2Fcategories&post=171683"},{"taxonomy":"post_tag","embeddable":true,"href":"https:\/\/diariodominicano.com\/index.php?rest_route=%2Fwp%2Fv2%2Ftags&post=171683"}],"curies":[{"name":"wp","href":"https:\/\/api.w.org\/{rel}","templated":true}]}}