{"id":171680,"date":"2017-12-14T23:48:55","date_gmt":"2017-12-14T23:48:55","guid":{"rendered":"http:\/\/diariodominicano.ddns.net\/?p=171680"},"modified":"2017-12-14T23:48:55","modified_gmt":"2017-12-14T23:48:55","slug":"diputado-chileno-afirma-que-guillier-triunfara-en-segunda-vuelta-de-elecciones-presidenciales","status":"publish","type":"post","link":"https:\/\/diariodominicano.com\/?p=171680","title":{"rendered":"Diputado chileno afirma que Guillier triunfar\u00e1 en segunda vuelta de elecciones presidenciales"},"content":{"rendered":"<p><body><\/p>\n<\/p>\n<\/p>\n<p>   Por Roberto Manriquez<\/p>\n<\/p>\n<p><strong>   SANTIAGO, 14 dic (Xinhua) &#8212;<\/strong> El diputado chileno, Jorge Tarud, dijo hoy que conf\u00eda en un triunfo del senador independiente Alejandro Guillier, al frente de la unidad de fuerzas de centro e izquierda, el pr\u00f3ximo domingo en la segunda vuelta de las elecciones presidenciales.<\/p>\n<\/p>\n<p>   \u00abSe ha generado un clima de unidad entre la centroizquierda e izquierda, lo que ha abierto la posibilidad de triunfo de Guillier el pr\u00f3ximo domingo, algo que parec\u00eda impensado hace s\u00f3lo unos meses, Chile es un pa\u00eds de centroizquierda\u00bb, dijo Tarud a Xinhua.<\/p>\n<\/p>\n<p>   \u00abHace unos tres meses lo ve\u00eda francamente dif\u00edcil, hoy no\u00bb, agreg\u00f3 el diputado.<\/p>\n<\/p>\n<p>   El pr\u00f3ximo domingo, unos 14 millones de chilenos, incluyendo 40.000 que viven en el exterior est\u00e1n convocados a elegir un nuevo presidente para los pr\u00f3ximos cuatro a\u00f1os.<\/p>\n<\/p>\n<p>   La segunda vuelta de los comicios presidenciales enfrentar\u00e1 al abanderado del oficialismo de centroizquierda, Alejandro Guillier, y al candidato de la oposici\u00f3n de derecha, el ex presidente Sebasti\u00e1n Pi\u00f1era.<\/p>\n<\/p>\n<p>   Sondeos previos muestran un empate entre ambos candidatos, lo que sumado a la existencia de voto voluntario mantiene el resultado en incertidumbre.<\/p>\n<\/p>\n<p>   \u00abCreo que ganar\u00e1 Guillier porque ha captado la unidad de los dem\u00e1s candidatos desde la centroizquierda con la democratacristiana, Carolina Goic, y la izquierda, de Beatriz S\u00e1nchez; el triunfo ser\u00e1 apretado, pero se impondr\u00e1 la continuidad\u00bb, dijo el presidente de la comisi\u00f3n de Relaciones Exteriores de la C\u00e1mara de Diputados.<\/p>\n<\/p>\n<p>   Se prev\u00e9 una segunda vuelta re\u00f1ida tras los resultados en las elecciones generales del pasado 19 de noviembre, en las que Pi\u00f1era obtuvo un 36 por ciento de votos, mientras Guillier logr\u00f3 un 22 por ciento, seguidos de Beatriz S\u00e1nchez, del izquierdista Frente Amplio, que obtuvo un 20 por ciento de la votaci\u00f3n.<\/p>\n<\/p>\n<p>   \u00abPi\u00f1era se confi\u00f3 en ganar, incluso en la primera vuelta, estimaban una votaci\u00f3n sobre el 40 por ciento, pecaron de triunfalismo\u00bb, se\u00f1al\u00f3 Tarud.<\/p>\n<\/p>\n<p>   No obstante \u00abhay un grado de incertidumbre que hace que el resultado de esta elecci\u00f3n tenga la mayor incertidumbre desde las elecciones de 1990\u00bb, afirm\u00f3 el diputado chileno.<\/p>\n<\/p>\n<p>   Asimismo, el legislador socialdem\u00f3crata asever\u00f3 que \u00aba\u00fan cuando hay incertidumbre no creo que exista problemas en reconocer el resultado de los c\u00f3mputos oficiales, espero que esta tradici\u00f3n se mantenga\u00bb.<\/p>\n<\/p>\n<p>   La semana pasada Pi\u00f1era denunci\u00f3 irregularidades en el conteo de votos, aunque posteriormente retrocedi\u00f3 y se\u00f1al\u00f3 que confiaba plenamente en el sistema electoral chileno.<\/p>\n<\/p>\n<p>   Respecto a la diferencia en los proyectos pol\u00edticos de ambos candidatos, Tarud, quien tambi\u00e9n es ex embajador de Chile en China, asegur\u00f3 que no habr\u00eda mayor variaci\u00f3n sea cual sea el resultado.<\/p>\n<\/p>\n<p>   \u00abNuestras relaciones son de Estado, habr\u00e1 matices m\u00e1s matices menos, pero no habr\u00e1 mayor diferencia; sin embargo, la pol\u00edtica econ\u00f3mica tendr\u00eda diferencias, porque el proyecto de centroizquierda es inclusivo no segregador, la derecha ha hecho una campa\u00f1a del terror, que creo que habr\u00e1 que desmontar\u00bb, se\u00f1al\u00f3.<\/p>\n<\/p>\n<p>   Respecto a la relaci\u00f3n del candidato vencedor con el parlamento, el legislador augur\u00f3 una relaci\u00f3n compleja. <\/p>\n<\/p>\n<p>   \u00abNi el oficialismo ni la oposici\u00f3n la tendr\u00e1n f\u00e1cil (la relaci\u00f3n), porque no hay una mayor\u00eda clara, solo nuestra coalici\u00f3n con la izquierda del Frente Amplio hacen la diferencia, esperemos que eso se traduzca en la votaci\u00f3n del domingo\u00bb, dijo Tarud. Fin<\/p>\n<h6> 2017-12-14 23:48:55 <\/h6>\n<p><!--\n<link rel=\"stylesheet\" href=\"css\/bootstrap.min.css\">\n\n\n<ul class=\"pagination\">\n\t    \n\t\n\n<li >\n\t<a href='?page_no=6961'>Previous<\/a>\n\t<\/li>\n\n\n       \n    \n\n<li><a href='?page_no=1'>1<\/a><\/li>\n\n\n\n<li><a href='?page_no=2'>2<\/a><\/li>\n\n\n\n<li><a>...<\/a><\/li>\n\n\n\n<li><a href='?page_no=6960'>6960<\/a><\/li>\n\n\n\n<li><a href='?page_no=6961'>6961<\/a><\/li>\n\n\n\n<li class='active'><a>6962<\/a><\/li>\n\n\n\n<li><a href='?page_no=6963'>6963<\/a><\/li>\n\n\n\n<li><a href='?page_no=6964'>6964<\/a><\/li>\n\n\n\n<li><a>...<\/a><\/li>\n\n\n\n<li><a href='?page_no=36999'>36999<\/a><\/li>\n\n\n\n<li><a href='?page_no=37000'>37000<\/a><\/li>\n\n    \n\t\n\n<li >\n\t<a href='?page_no=6963'>Next<\/a>\n\t<\/li>\n\n\n    \n\n<li><a href='?page_no=37000'>Last &rsaquo;&rsaquo;<\/a><\/li>\n\n<\/ul>\n\n\n--><br \/>\n<\/body><\/p>\n","protected":false},"excerpt":{"rendered":"<p>Por Roberto Manriquez SANTIAGO, 14 dic (Xinhua) &#8212; El diputado chileno, Jorge Tarud, dijo hoy que conf\u00eda en un triunfo del senador independiente Alejandro Guillier, al frente de la unidad de fuerzas de centro e izquierda, el pr\u00f3ximo domingo en la segunda vuelta de las elecciones presidenciales. \u00abSe ha generado un clima de unidad entre [&hellip;]<\/p>\n","protected":false},"author":3,"featured_media":0,"comment_status":"open","ping_status":"open","sticky":false,"template":"","format":"standard","meta":{"footnotes":""},"categories":[22],"tags":[],"class_list":["post-171680","post","type-post","status-publish","format-standard","hentry","category-politica"],"_links":{"self":[{"href":"https:\/\/diariodominicano.com\/index.php?rest_route=\/wp\/v2\/posts\/171680","targetHints":{"allow":["GET"]}}],"collection":[{"href":"https:\/\/diariodominicano.com\/index.php?rest_route=\/wp\/v2\/posts"}],"about":[{"href":"https:\/\/diariodominicano.com\/index.php?rest_route=\/wp\/v2\/types\/post"}],"author":[{"embeddable":true,"href":"https:\/\/diariodominicano.com\/index.php?rest_route=\/wp\/v2\/users\/3"}],"replies":[{"embeddable":true,"href":"https:\/\/diariodominicano.com\/index.php?rest_route=%2Fwp%2Fv2%2Fcomments&post=171680"}],"version-history":[{"count":0,"href":"https:\/\/diariodominicano.com\/index.php?rest_route=\/wp\/v2\/posts\/171680\/revisions"}],"wp:attachment":[{"href":"https:\/\/diariodominicano.com\/index.php?rest_route=%2Fwp%2Fv2%2Fmedia&parent=171680"}],"wp:term":[{"taxonomy":"category","embeddable":true,"href":"https:\/\/diariodominicano.com\/index.php?rest_route=%2Fwp%2Fv2%2Fcategories&post=171680"},{"taxonomy":"post_tag","embeddable":true,"href":"https:\/\/diariodominicano.com\/index.php?rest_route=%2Fwp%2Fv2%2Ftags&post=171680"}],"curies":[{"name":"wp","href":"https:\/\/api.w.org\/{rel}","templated":true}]}}