{"id":171679,"date":"2017-12-15T00:05:35","date_gmt":"2017-12-15T00:05:35","guid":{"rendered":"http:\/\/diariodominicano.ddns.net\/?p=171679"},"modified":"2017-12-15T00:05:35","modified_gmt":"2017-12-15T00:05:35","slug":"avance-de-las-derechas-o-recuperacion-de-los-gobiernos-progresistas","status":"publish","type":"post","link":"https:\/\/diariodominicano.com\/?p=171679","title":{"rendered":"\u00bfAvance de las derechas o recuperaci\u00f3n de los gobiernos progresistas?"},"content":{"rendered":"<p><body><\/p>\n<\/p>\n<p><strong>   Por Willey Pe\u00f1uela<\/strong><\/p>\n<\/p>\n<p><strong>   CARACAS, 13 dic (Xinhua) &#8212;<\/strong> Todo parece indicar que el 2018 ser\u00e1 un a\u00f1o decisivo para los tiempos futuros que vivir\u00e1 la regi\u00f3n latinoamericana. Ante un claro retroceso de los gobiernos progresistas durante los \u00faltimos a\u00f1os, las elecciones presidenciales de seis pa\u00edses latinoamericanos en 2018 decidir\u00e1n si se mantiene o no esta tendencia.<\/p>\n<\/p>\n<p>   Seg\u00fan varios analistas consultados por Xinhua, el triunfo de Luis Ignacio Lula en Brasil y Nicol\u00e1s Maduro en Venezuela podr\u00eda revitalizar el ala progresista en la regi\u00f3n, de lo contrario, habr\u00eda un retroceso a\u00fan mayor.<\/p>\n<\/p>\n<p>   VIRAJE POLITICO REGIONAL<\/p>\n<\/p>\n<p>   Durante la primera d\u00e9cada del siglo en curso, la regi\u00f3n latinoamericana experiment\u00f3 un interesante ciclo de gobiernos de signo progresista que cuestionaron la hegemon\u00eda de las derechas e hicieron contrapeso al dominio pleno de EEUU en el continente.<\/p>\n<\/p>\n<p>   Sin embargo, durante la segunda d\u00e9cada, Am\u00e9rica Latina y el Caribe se encuentran experimentando \u00abun claro retroceso desde la perspectiva de los pa\u00edses cuyos gobiernos, hasta hace poco, eran de signo progresista\u00bb al tiempo que vive un retroceso en su conjunto como regi\u00f3n, considera el internacionalista venezolano y profesor de Geopol\u00edtica Internacional, Luis Quintana.<\/p>\n<\/p>\n<p>   De distintos modos las derechas se han reacomodado en Am\u00e9rica Latina y el Caribe: a trav\u00e9s de elecciones presidenciales obtuvo la presidencia Mauricio Macri en Argentina, y con una impugnaci\u00f3n fue destituida Dilma Rousseff de la presidencia de Brasil.<\/p>\n<\/p>\n<p>   Por su parte, en Ecuador, el antiguo aliado del expresidente Rafael Correa, Lenin Moreno, asume la Presidencia y comienza a mostrar signos de una pol\u00edtica neoliberal en perjuicio de la fuerza del Estado ecuatoriano.<\/p>\n<\/p>\n<p>   Quintana considera que, adem\u00e1s, \u00ablos gobiernos progresistas que a\u00fan permanecen, enfrentan serios problemas de gobernabilidad pol\u00edtica y econ\u00f3mica\u00bb, como resultado de lo que considera \u00abdesgaste\u00bb, por estar m\u00e1s de una d\u00e9cada en el poder, las \u00abinjerencias extranjeras\u00bb y \u00abla crisis de los precios de los commodities\u00bb que, a su juicio ha afectado severamente a todos los pa\u00edses, en especial a Venezuela.<\/p>\n<\/p>\n<p>   Dicho avance de las derechas se debe, en palabras de Quintana, a varios factores, entre los cuales destaca la \u00abguerra medi\u00e1tica contra gobiernos progresistas\u00bb y las \u00abintervenciones constantes de EEUU y sus aliados\u00bb contra dichos gobiernos.<\/p>\n<\/p>\n<p>   Sin embargo, el analista considera que tambi\u00e9n han influido \u00aberrores e ineficiencias\u00bb en las gestiones de gobiernos progresistas, las contracciones econ\u00f3micas derivadas de la ca\u00edda abrupta de los precios internacionales de las materias primas que sosten\u00edan programas sociales y una renovaci\u00f3n del discurso de las derechas.<\/p>\n<\/p>\n<p>   INCERTIDUMBRE EN 2018<\/p>\n<\/p>\n<p>   Respecto al panorama que se vislumbra en la regi\u00f3n de cara al 2018, ser\u00e1 un a\u00f1o clave, pues se llevar\u00e1n a cabo elecciones presidenciales en varios pa\u00edses, entre ellos Brasil, naci\u00f3n de un enorme peso en la regi\u00f3n, y tambi\u00e9n se esperan elecciones en Venezuela, M\u00e9xico, Chile, Costa Rica y Paraguay.<\/p>\n<\/p>\n<p>   A juicio de Quintana, puede consolidarse la tendencia de que las derechas ganen m\u00e1s espacios en el continente. A su juicio \u00abcorren peligro la continuidad de los gobiernos actuales de Venezuela y Bolivia\u00bb, al tiempo que el analista no considera que haya perspectivas claras de que Lula pueda ser reelegido.<\/p>\n<\/p>\n<p>   \u00abEl panorama general es de restauraci\u00f3n del modelo neoliberal como paradigma de la pol\u00edtica econ\u00f3mica y de la pol\u00edtica en general y el desarrollo de mucha protesta social con mayor intensidad\u00bb, prev\u00e9 el analista venezolano.<\/p>\n<\/p>\n<p>   Por su parte, la polit\u00f3loga, internacionalista y mag\u00edster en Ciencias Pol\u00edticas, Carolina Escarr\u00e1 considera clave la elecci\u00f3n en Brasil, \u00abcuyo destino podr\u00eda significar un cambio muy importante en la correlaci\u00f3n de fuerzas para Am\u00e9rica Latina\u00bb, y donde, de resultar victorioso el Partido de los Trabajadores de Lula, se podr\u00edan provocar transformaciones a nivel del bloque Mercosur y BRICS.<\/p>\n<\/p>\n<p>   Escarr\u00e1, consultada respecto a las elecciones en M\u00e9xico afirm\u00f3 que \u00abpudiera haber una sorpresa\u00bb en el caso de este pa\u00eds, ya que considera que \u00abel PRI ha perdido fuerza y se han tomado decisiones muy impopulares de privatizaci\u00f3n\u00bb que afectan fuertemente a la poblaci\u00f3n mexicana.<\/p>\n<\/p>\n<p>   Opini\u00f3n distinta tiene Luis Enrique Gavazut, analista y miembro investigador del Observatorio Econ\u00f3mico de la Presidencia de la Rep\u00fablica, el cual considera que en el caso de Chile y de M\u00e9xico \u00abprevisiblemente va a ganar la opci\u00f3n de derecha\u00bb.<\/p>\n<\/p>\n<p>   FUTURO DE VENEZUELA<\/p>\n<\/p>\n<p>   Sobre el caso espec\u00edfico de Venezuela y las perspectivas pol\u00edticas para el 2018, el analista internacional y polit\u00f3logo Sergio Quintero, considera que ser\u00e1 un a\u00f1o caracterizado por \u00abla presencia de una fuerza opositora dividida, diezmada, con una p\u00e9rdida de credibilidad muy importante\u00bb.<\/p>\n<\/p>\n<p>   \u00abLa oposici\u00f3n venezolana cometi\u00f3 una serie de errores consecutivos en materia pol\u00edtica de los cuales va a ser bastante dif\u00edcil que se recuperen en el a\u00f1o 2018. A la oposici\u00f3n se le dificulta bastante volver a presentarse como una opci\u00f3n pol\u00edtica real que pueda tomar el poder\u00bb, expresa Quintero.<\/p>\n<\/p>\n<p>   Sin embargo, Quintero considera que \u00abla pol\u00edtica es bastante din\u00e1mica\u00bb ya que pudieran ocurrir eventos de distinto signo que \u00abpueden marcar un rumbo y cambiar las tendencias\u00bb. A pesar de ello, el polit\u00f3logo ratifica que no observa en la oposici\u00f3n \u00abcapacidad para reorganizarse\u00bb.<\/p>\n<\/p>\n<p>   \u00abEllos (la oposici\u00f3n del MUD) tienen mucha dispersi\u00f3n, muchos mini-liderazgos, la mesa de la unidad implosion\u00f3, entonces volver a reconfigurar todo ese tejido y ganar la confianza de la sociedad les ser\u00e1 bastante dif\u00edcil\u00bb, afirma Quintero.<\/p>\n<\/p>\n<p>   Tambi\u00e9n cree que la fortaleza pol\u00edtica del gobierno \u00abpudiera complicarse por las circunstancias sociales y econ\u00f3micas del pa\u00eds\u00bb, pero manifiesta que \u00abla gran maquinaria pol\u00edtica\u00bb que se ha venido construyendo durante estos a\u00f1os, tiene la tendencia a consolidarse porque, a su juicio, \u00abes dif\u00edcil que esa posici\u00f3n de poder se pierda\u00bb.<\/p>\n<\/p>\n<p>   Sobre las proyecciones en el campo econ\u00f3mico para el 2018 en Venezuela, Quintero afirm\u00f3 que \u00abpareciera ser uno de los a\u00f1os m\u00e1s complejos\u00bb.<\/p>\n<\/p>\n<p>   A su parecer, se requiere una serie de medidas de car\u00e1cter fiscal y monetario \u00abque deben ser asumidas con rigor por parte del gobierno\u00bb al tiempo que manifiesta que no observa \u00abla intenci\u00f3n (del gobierno) de dar un giro en materia econ\u00f3mica\u00bb.<\/p>\n<\/p>\n<p>   \u00abAnte un escenario de hiperinflaci\u00f3n, donde el salario se pulveriza cada d\u00eda y disminuye la capacidad adquisitiva del venezolano, es probable que esto conlleve a que tengan que hacerse reformas en materia econ\u00f3mica\u00bb, destaca Quintero.<\/p>\n<\/p>\n<p>   Consultado sobre cu\u00e1les ser\u00edan las medidas correctas a aplicar, Quintero considera necesaria \u00abla unificaci\u00f3n cambiaria, desmontar el sistema de controles de precios y controles sobre la actividad econ\u00f3mica\u00bb que, a su juicio, en los \u00faltimos tiempos, \u00abhan venido atrofiando todo el aparato econ\u00f3mico venezolano\u00bb. Fin<\/p>\n<\/p>\n<h6> 2017-12-15 00:05:35 <\/h6>\n<p><!--\n<link rel=\"stylesheet\" href=\"css\/bootstrap.min.css\">\n\n\n<ul class=\"pagination\">\n\t    \n\t\n\n<li >\n\t<a href='?page_no=6960'>Previous<\/a>\n\t<\/li>\n\n\n       \n    \n\n<li><a href='?page_no=1'>1<\/a><\/li>\n\n\n\n<li><a href='?page_no=2'>2<\/a><\/li>\n\n\n\n<li><a>...<\/a><\/li>\n\n\n\n<li><a href='?page_no=6959'>6959<\/a><\/li>\n\n\n\n<li><a href='?page_no=6960'>6960<\/a><\/li>\n\n\n\n<li class='active'><a>6961<\/a><\/li>\n\n\n\n<li><a href='?page_no=6962'>6962<\/a><\/li>\n\n\n\n<li><a href='?page_no=6963'>6963<\/a><\/li>\n\n\n\n<li><a>...<\/a><\/li>\n\n\n\n<li><a href='?page_no=36999'>36999<\/a><\/li>\n\n\n\n<li><a href='?page_no=37000'>37000<\/a><\/li>\n\n    \n\t\n\n<li >\n\t<a href='?page_no=6962'>Next<\/a>\n\t<\/li>\n\n\n    \n\n<li><a href='?page_no=37000'>Last &rsaquo;&rsaquo;<\/a><\/li>\n\n<\/ul>\n\n\n--><br \/>\n<\/body><\/p>\n","protected":false},"excerpt":{"rendered":"<p>Por Willey Pe\u00f1uela CARACAS, 13 dic (Xinhua) &#8212; Todo parece indicar que el 2018 ser\u00e1 un a\u00f1o decisivo para los tiempos futuros que vivir\u00e1 la regi\u00f3n latinoamericana. Ante un claro retroceso de los gobiernos progresistas durante los \u00faltimos a\u00f1os, las elecciones presidenciales de seis pa\u00edses latinoamericanos en 2018 decidir\u00e1n si se mantiene o no esta [&hellip;]<\/p>\n","protected":false},"author":3,"featured_media":0,"comment_status":"open","ping_status":"open","sticky":false,"template":"","format":"standard","meta":{"footnotes":""},"categories":[22],"tags":[],"class_list":["post-171679","post","type-post","status-publish","format-standard","hentry","category-politica"],"_links":{"self":[{"href":"https:\/\/diariodominicano.com\/index.php?rest_route=\/wp\/v2\/posts\/171679","targetHints":{"allow":["GET"]}}],"collection":[{"href":"https:\/\/diariodominicano.com\/index.php?rest_route=\/wp\/v2\/posts"}],"about":[{"href":"https:\/\/diariodominicano.com\/index.php?rest_route=\/wp\/v2\/types\/post"}],"author":[{"embeddable":true,"href":"https:\/\/diariodominicano.com\/index.php?rest_route=\/wp\/v2\/users\/3"}],"replies":[{"embeddable":true,"href":"https:\/\/diariodominicano.com\/index.php?rest_route=%2Fwp%2Fv2%2Fcomments&post=171679"}],"version-history":[{"count":0,"href":"https:\/\/diariodominicano.com\/index.php?rest_route=\/wp\/v2\/posts\/171679\/revisions"}],"wp:attachment":[{"href":"https:\/\/diariodominicano.com\/index.php?rest_route=%2Fwp%2Fv2%2Fmedia&parent=171679"}],"wp:term":[{"taxonomy":"category","embeddable":true,"href":"https:\/\/diariodominicano.com\/index.php?rest_route=%2Fwp%2Fv2%2Fcategories&post=171679"},{"taxonomy":"post_tag","embeddable":true,"href":"https:\/\/diariodominicano.com\/index.php?rest_route=%2Fwp%2Fv2%2Ftags&post=171679"}],"curies":[{"name":"wp","href":"https:\/\/api.w.org\/{rel}","templated":true}]}}