{"id":171678,"date":"2017-12-15T00:20:58","date_gmt":"2017-12-15T00:20:58","guid":{"rendered":"http:\/\/diariodominicano.ddns.net\/?p=171678"},"modified":"2017-12-15T00:20:58","modified_gmt":"2017-12-15T00:20:58","slug":"oposicion-venezolana-busca-acuerdo-en-dialogo-para-salida-electoral-de-maduro","status":"publish","type":"post","link":"https:\/\/diariodominicano.com\/?p=171678","title":{"rendered":"Oposici\u00f3n venezolana busca acuerdo en di\u00e1logo para \u00absalida electoral\u00bb de Maduro"},"content":{"rendered":"<p><body><\/p>\n<p><img decoding=\"async\" src=\"img3\/Maduro.jpg\" \/>  <\/p>\n<\/p>\n<p><strong>   CARACAS, 14 dic (Xinhua) &#8212;<\/strong> La opositora alianza Mesa de la Unidad Democr\u00e1tica (MUD) de Venezuela anunci\u00f3 hoy que firmar\u00e1 un acuerdo con el gobierno del presidente Nicol\u00e1s Maduro si el documento contiene garant\u00edas para una \u00absalida electoral\u00bb del mandatario.<\/p>\n<\/p>\n<p>   Con motivo del encuentro que ambos factores celebrar\u00e1n ma\u00f1ana viernes en Rep\u00fablica Dominicana, el diputado opositor Sim\u00f3n Calzadilla afirm\u00f3 que la MUD suscribir\u00e1 un acuerdo \u00abque garantice la salida pol\u00edtica, democr\u00e1tica, concertada, electoral\u00bb del actual gobierno.<\/p>\n<\/p>\n<p>   Calzadilla dijo que la oposici\u00f3n \u00abva a continuar el proceso de negociaci\u00f3n con la delegaci\u00f3n del gobierno\u00bb con \u00abmucha firmeza y determinaci\u00f3n\u00bb.<\/p>\n<\/p>\n<p>   Agreg\u00f3 que la MUD se negar\u00e1 a rubricar alg\u00fan documento en Santo Domingo, si no se logra un \u00abacuerdo integral\u00bb.<\/p>\n<\/p>\n<p>   El legislador venezolano dijo que la disposici\u00f3n de ese sector es \u00abante el acelerado deterioro de la econom\u00eda venezolana y el colapso de todos nuestros servicios; buscarle un salida concertada que regrese la institucionalidad republicana\u00bb a la naci\u00f3n.<\/p>\n<\/p>\n<p>   El gobierno de Maduro, que deleg\u00f3 para este di\u00e1logo al ministro de Comunicaci\u00f3n e Informaci\u00f3n, Jorge Rodr\u00edguez, anunci\u00f3 en d\u00edas pasados que no convocar\u00e1 a unas elecciones presidenciales si no son revertidas las sanciones contra Venezuela impuestas por Estados Unidos, Canad\u00e1 y la Uni\u00f3n Europea (UE).<\/p>\n<\/p>\n<p>   La gesti\u00f3n venezolana defiende ir con \u00abtodas las garant\u00edas econ\u00f3micas\u00bb a esas elecciones que se celebrar\u00e1n en 2018, para lo cual consider\u00f3 necesario el cese de las sanciones y de la \u00abguerra econ\u00f3mica\u00bb que atribuye al sector empresarial de la oposici\u00f3n. <\/p>\n<\/p>\n<p>   En el encuentro de ma\u00f1ana viernes, donde el chavismo y la oposici\u00f3n prev\u00e9n la firma de un acuerdo, estar\u00e1n presentes los cancilleres de Chile y M\u00e9xico, Heraldo Mu\u00f1oz y Luis Videgaray, respectivamente, as\u00ed como representantes de Bolivia, Nicaragua, San Vicente y las Granadinas.<\/p>\n<\/p>\n<p>   Tambi\u00e9n estar\u00e1n el presidente dominicano, Danilo Medina, y el ex jefe del gobierno de Espa\u00f1a, Jos\u00e9 Luis Rodr\u00edguez Zapatero.<\/p>\n<\/p>\n<p>   Con esta reuni\u00f3n se dar\u00e1 continuidad al proceso iniciado el pasado 1 de diciembre en Rep\u00fablica Dominicana, donde no hubo un \u00abacuerdo definitivo\u00bb pero s\u00ed \u00abavances significativos\u00bb. Fin<\/p>\n<h6> 2017-12-15 00:20:58 <\/h6>\n<p><!--\n<link rel=\"stylesheet\" href=\"css\/bootstrap.min.css\">\n\n\n<ul class=\"pagination\">\n\t    \n\t\n\n<li >\n\t<a href='?page_no=6959'>Previous<\/a>\n\t<\/li>\n\n\n       \n    \n\n<li><a href='?page_no=1'>1<\/a><\/li>\n\n\n\n<li><a href='?page_no=2'>2<\/a><\/li>\n\n\n\n<li><a>...<\/a><\/li>\n\n\n\n<li><a href='?page_no=6958'>6958<\/a><\/li>\n\n\n\n<li><a href='?page_no=6959'>6959<\/a><\/li>\n\n\n\n<li class='active'><a>6960<\/a><\/li>\n\n\n\n<li><a href='?page_no=6961'>6961<\/a><\/li>\n\n\n\n<li><a href='?page_no=6962'>6962<\/a><\/li>\n\n\n\n<li><a>...<\/a><\/li>\n\n\n\n<li><a href='?page_no=36999'>36999<\/a><\/li>\n\n\n\n<li><a href='?page_no=37000'>37000<\/a><\/li>\n\n    \n\t\n\n<li >\n\t<a href='?page_no=6961'>Next<\/a>\n\t<\/li>\n\n\n    \n\n<li><a href='?page_no=37000'>Last &rsaquo;&rsaquo;<\/a><\/li>\n\n<\/ul>\n\n\n--><br \/>\n<\/body><\/p>\n","protected":false},"excerpt":{"rendered":"<p>CARACAS, 14 dic (Xinhua) &#8212; La opositora alianza Mesa de la Unidad Democr\u00e1tica (MUD) de Venezuela anunci\u00f3 hoy que firmar\u00e1 un acuerdo con el gobierno del presidente Nicol\u00e1s Maduro si el documento contiene garant\u00edas para una \u00absalida electoral\u00bb del mandatario. Con motivo del encuentro que ambos factores celebrar\u00e1n ma\u00f1ana viernes en Rep\u00fablica Dominicana, el diputado [&hellip;]<\/p>\n","protected":false},"author":3,"featured_media":0,"comment_status":"open","ping_status":"open","sticky":false,"template":"","format":"standard","meta":{"footnotes":""},"categories":[22],"tags":[],"class_list":["post-171678","post","type-post","status-publish","format-standard","hentry","category-politica"],"_links":{"self":[{"href":"https:\/\/diariodominicano.com\/index.php?rest_route=\/wp\/v2\/posts\/171678","targetHints":{"allow":["GET"]}}],"collection":[{"href":"https:\/\/diariodominicano.com\/index.php?rest_route=\/wp\/v2\/posts"}],"about":[{"href":"https:\/\/diariodominicano.com\/index.php?rest_route=\/wp\/v2\/types\/post"}],"author":[{"embeddable":true,"href":"https:\/\/diariodominicano.com\/index.php?rest_route=\/wp\/v2\/users\/3"}],"replies":[{"embeddable":true,"href":"https:\/\/diariodominicano.com\/index.php?rest_route=%2Fwp%2Fv2%2Fcomments&post=171678"}],"version-history":[{"count":0,"href":"https:\/\/diariodominicano.com\/index.php?rest_route=\/wp\/v2\/posts\/171678\/revisions"}],"wp:attachment":[{"href":"https:\/\/diariodominicano.com\/index.php?rest_route=%2Fwp%2Fv2%2Fmedia&parent=171678"}],"wp:term":[{"taxonomy":"category","embeddable":true,"href":"https:\/\/diariodominicano.com\/index.php?rest_route=%2Fwp%2Fv2%2Fcategories&post=171678"},{"taxonomy":"post_tag","embeddable":true,"href":"https:\/\/diariodominicano.com\/index.php?rest_route=%2Fwp%2Fv2%2Ftags&post=171678"}],"curies":[{"name":"wp","href":"https:\/\/api.w.org\/{rel}","templated":true}]}}