{"id":171676,"date":"2017-12-15T00:26:07","date_gmt":"2017-12-15T00:26:07","guid":{"rendered":"http:\/\/diariodominicano.ddns.net\/?p=171676"},"modified":"2017-12-15T00:26:07","modified_gmt":"2017-12-15T00:26:07","slug":"ex-presidente-brasileno-lula-augura-regreso-al-poder-del-partido-de-los-trabajadores","status":"publish","type":"post","link":"https:\/\/diariodominicano.com\/?p=171676","title":{"rendered":"Ex presidente brasile\u00f1o Lula augura regreso al poder del Partido de los Trabajadores"},"content":{"rendered":"<p><body><\/p>\n<p><img decoding=\"async\" src=\"img3\/1d5621a38f113050b982e145d1ebcacb287a70a1.jpg\" \/>  <\/p>\n<p><strong> <\/strong><\/p>\n<p><strong> Archivo<\/strong><\/p>\n<\/p>\n<p><strong>   RIO DE JANEIRO, 14 dic (Xinhua) &#8211;<\/strong>&#8211; El ex presidente de Brasil, Luiz In\u00e1cio Lula da Silva (2003-2010), dijo hoy que sus adversarios tendr\u00e1n que aguantar una vez m\u00e1s al izquierdista Partido de los Trabajadores (PT) en el poder en 2018.<\/p>\n<\/p>\n<p>   Lula afirm\u00f3 que, pese a su edad (72 a\u00f1os), tiene la \u00abenerg\u00eda de un hombre de 30 y las ganas de un joven de 20\u00bb para volver a gobernar el pa\u00eds y que, siendo \u00e9l candidato a la Presidencia o no, sus adversarios tendr\u00e1n que aguantar de nuevo al PT.<\/p>\n<\/p>\n<p>   \u00abVoy a recorrer el pa\u00eds, darle vuelta, porque solamente un gobierno democr\u00e1tico, popular, elegido por el pueblo es capaz de llevar a j\u00f3venes blancos y negros de la periferia a la universidad, ind\u00edgenas a la universidad y hacer que Brasil vuelva a ser respetado en todo el mundo\u00bb, asegur\u00f3 Lula en un acto pol\u00edtico en Brasilia. <\/p>\n<\/p>\n<p>   El ex mandatario lidera todas las encuestas de intenci\u00f3n de voto de cara a las elecciones presidenciales de 2018, aunque su candidatura puede quedar inhabilitada si es condenado en segunda instancia el pr\u00f3ximo 24 de enero.<\/p>\n<\/p>\n<p>   Lula da Silva fue condenado en primera instancia a nueve a\u00f1os y medio de prisi\u00f3n, tras ser acusado de recibir beneficios en la trama de corrupci\u00f3n en Petrobras.<\/p>\n<\/p>\n<p>   \u00abSiendo candidato o no, van a tener que aguantarnos en 2018\u00bb, asegur\u00f3 Lula, para quien \u00ablas elecciones son buenas por eso: nos equivocamos, acertamos, pero es mucho mejor equivocarse y volver\u00bb. <\/p>\n<\/p>\n<p>   En un discurso ante militantes del PT y movimientos sindicales y sociales, Lula volvi\u00f3 a criticar a la justicia brasile\u00f1a, la cual dijo tratar\u00e1 de denunciarlo por anticipaci\u00f3n de campa\u00f1a electoral debido a los discursos p\u00fablicos y caravanas que ha realizado los \u00faltimos meses en todo Brasil.<\/p>\n<\/p>\n<p>   El ex mandatario reiter\u00f3 que no quiere ser candidato para protegerse.<\/p>\n<\/p>\n<p>   \u00abEstoy queriendo probar mi inocencia para ser candidato\u00bb, agreg\u00f3. Fin<\/p>\n<\/p>\n<\/p>\n<p>&#8212;&#8212;&#8212;&#8212;&#8212;&#8212;&#8212;&#8212;&#8212;&#8212;&#8212;&#8212;&#8212;&#8212;&#8212;&#8212;&#8212;&#8212;&#8212;&#8212;&#8212;&#8212;&#8212;&#8212;&#8212;<\/p>\n<h6> 2017-12-15 00:26:07 <\/h6>\n<p><!--\n<link rel=\"stylesheet\" href=\"css\/bootstrap.min.css\">\n\n\n<ul class=\"pagination\">\n\t    \n\t\n\n<li >\n\t<a href='?page_no=6958'>Previous<\/a>\n\t<\/li>\n\n\n       \n    \n\n<li><a href='?page_no=1'>1<\/a><\/li>\n\n\n\n<li><a href='?page_no=2'>2<\/a><\/li>\n\n\n\n<li><a>...<\/a><\/li>\n\n\n\n<li><a href='?page_no=6957'>6957<\/a><\/li>\n\n\n\n<li><a href='?page_no=6958'>6958<\/a><\/li>\n\n\n\n<li class='active'><a>6959<\/a><\/li>\n\n\n\n<li><a href='?page_no=6960'>6960<\/a><\/li>\n\n\n\n<li><a href='?page_no=6961'>6961<\/a><\/li>\n\n\n\n<li><a>...<\/a><\/li>\n\n\n\n<li><a href='?page_no=36999'>36999<\/a><\/li>\n\n\n\n<li><a href='?page_no=37000'>37000<\/a><\/li>\n\n    \n\t\n\n<li >\n\t<a href='?page_no=6960'>Next<\/a>\n\t<\/li>\n\n\n    \n\n<li><a href='?page_no=37000'>Last &rsaquo;&rsaquo;<\/a><\/li>\n\n<\/ul>\n\n\n--><br \/>\n<\/body><\/p>\n","protected":false},"excerpt":{"rendered":"<p>Archivo RIO DE JANEIRO, 14 dic (Xinhua) &#8211;&#8211; El ex presidente de Brasil, Luiz In\u00e1cio Lula da Silva (2003-2010), dijo hoy que sus adversarios tendr\u00e1n que aguantar una vez m\u00e1s al izquierdista Partido de los Trabajadores (PT) en el poder en 2018. Lula afirm\u00f3 que, pese a su edad (72 a\u00f1os), tiene la \u00abenerg\u00eda de [&hellip;]<\/p>\n","protected":false},"author":3,"featured_media":0,"comment_status":"open","ping_status":"open","sticky":false,"template":"","format":"standard","meta":{"footnotes":""},"categories":[22],"tags":[],"class_list":["post-171676","post","type-post","status-publish","format-standard","hentry","category-politica"],"_links":{"self":[{"href":"https:\/\/diariodominicano.com\/index.php?rest_route=\/wp\/v2\/posts\/171676","targetHints":{"allow":["GET"]}}],"collection":[{"href":"https:\/\/diariodominicano.com\/index.php?rest_route=\/wp\/v2\/posts"}],"about":[{"href":"https:\/\/diariodominicano.com\/index.php?rest_route=\/wp\/v2\/types\/post"}],"author":[{"embeddable":true,"href":"https:\/\/diariodominicano.com\/index.php?rest_route=\/wp\/v2\/users\/3"}],"replies":[{"embeddable":true,"href":"https:\/\/diariodominicano.com\/index.php?rest_route=%2Fwp%2Fv2%2Fcomments&post=171676"}],"version-history":[{"count":0,"href":"https:\/\/diariodominicano.com\/index.php?rest_route=\/wp\/v2\/posts\/171676\/revisions"}],"wp:attachment":[{"href":"https:\/\/diariodominicano.com\/index.php?rest_route=%2Fwp%2Fv2%2Fmedia&parent=171676"}],"wp:term":[{"taxonomy":"category","embeddable":true,"href":"https:\/\/diariodominicano.com\/index.php?rest_route=%2Fwp%2Fv2%2Fcategories&post=171676"},{"taxonomy":"post_tag","embeddable":true,"href":"https:\/\/diariodominicano.com\/index.php?rest_route=%2Fwp%2Fv2%2Ftags&post=171676"}],"curies":[{"name":"wp","href":"https:\/\/api.w.org\/{rel}","templated":true}]}}