{"id":171675,"date":"2017-12-15T08:29:08","date_gmt":"2017-12-15T08:29:08","guid":{"rendered":"http:\/\/diariodominicano.ddns.net\/?p=171675"},"modified":"2017-12-15T08:29:08","modified_gmt":"2017-12-15T08:29:08","slug":"rusia-celebrara-elecciones-presidenciales-el-18-de-marzo-de-2018","status":"publish","type":"post","link":"https:\/\/diariodominicano.com\/?p=171675","title":{"rendered":"Rusia celebrar\u00e1 elecciones presidenciales el 18 de marzo de 2018 &#13;"},"content":{"rendered":"<p><body><\/p>\n<p><img decoding=\"async\" src=\"img3\/Putinp0litica15.jpg\" \/>  <\/p>\n<p>     MOSCU, 15 dic (Xinhua) &#8212; El Consejo de la Federaci\u00f3n, o la C\u00e1mara Alta del Parlamento ruso, aprob\u00f3 oficialmente el viernes la celebraci\u00f3n de elecciones presidenciales el 18 de marzo de 2018.<\/p>\n<\/p>\n<p>     La agenda de elecciones, que ser\u00e1 publicada el lunes, dar\u00e1 inicio oficialmente a la campa\u00f1a electoral, dijo Andrei Klishas, presidente del Comit\u00e9 de Legislaci\u00f3n Constitucional del Consejo de la Federaci\u00f3n, en un comunicado.<\/p>\n<\/p>\n<p>     El presidente ruso, Vladimir Putin, quien ha declarado su intenci\u00f3n de participar en la carrera como candidato independiente, probablemente ganar\u00e1 su cuarto mandato.<\/p>\n<\/p>\n<p>     Seg\u00fan la \u00faltima encuesta de opini\u00f3n p\u00fablica, realizada por el centro de investigaci\u00f3n VISIOM, la tasa de aprobaci\u00f3n de Putin era del 53,5 por ciento hasta el 10 de diciembre, frente al 53 por ciento registrado una semana anterior, a la cabeza de todos sus posibles rivales.<\/p>\n<\/p>\n<p>     Para ser registrado como un candidato presidencial independiente, una persona tiene que reunir las firmas de al menos 300.000 votantes antes del 1 de febrero.<\/p>\n<\/p>\n<p>     Si un candidato quiere participar en los comicios como miembro de un partido pol\u00edtico, este partido debe recopilar no menos de 100.000 firmas en nombre del candidato.<\/p>\n<\/p>\n<p>     Las elecciones estaban programadas para celebrarse el 11 de marzo, pero se han pospuesto al 18 del mismo mes, cuando el pa\u00eds celebrar\u00e1 el D\u00eda de Incorporaci\u00f3n de Crimea.<\/p>\n<\/p>\n<p>     La pen\u00ednsula se incorpor\u00f3 a Rusia en 2014, tras un refer\u00e9ndum local no reconocido por los pa\u00edses occidentales.<\/p>\n<\/p>\n<p>     En 2015 se adopt\u00f3 una ley que declara el 18 de marzo como fiesta nacional<\/p>\n<h6> 2017-12-15 08:29:08 <\/h6>\n<p><!--\n<link rel=\"stylesheet\" href=\"css\/bootstrap.min.css\">\n\n\n<ul class=\"pagination\">\n\t    \n\t\n\n<li >\n\t<a href='?page_no=6957'>Previous<\/a>\n\t<\/li>\n\n\n       \n    \n\n<li><a href='?page_no=1'>1<\/a><\/li>\n\n\n\n<li><a href='?page_no=2'>2<\/a><\/li>\n\n\n\n<li><a>...<\/a><\/li>\n\n\n\n<li><a href='?page_no=6956'>6956<\/a><\/li>\n\n\n\n<li><a href='?page_no=6957'>6957<\/a><\/li>\n\n\n\n<li class='active'><a>6958<\/a><\/li>\n\n\n\n<li><a href='?page_no=6959'>6959<\/a><\/li>\n\n\n\n<li><a href='?page_no=6960'>6960<\/a><\/li>\n\n\n\n<li><a>...<\/a><\/li>\n\n\n\n<li><a href='?page_no=36999'>36999<\/a><\/li>\n\n\n\n<li><a href='?page_no=37000'>37000<\/a><\/li>\n\n    \n\t\n\n<li >\n\t<a href='?page_no=6959'>Next<\/a>\n\t<\/li>\n\n\n    \n\n<li><a href='?page_no=37000'>Last &rsaquo;&rsaquo;<\/a><\/li>\n\n<\/ul>\n\n\n--><br \/>\n<\/body><\/p>\n","protected":false},"excerpt":{"rendered":"<p>MOSCU, 15 dic (Xinhua) &#8212; El Consejo de la Federaci\u00f3n, o la C\u00e1mara Alta del Parlamento ruso, aprob\u00f3 oficialmente el viernes la celebraci\u00f3n de elecciones presidenciales el 18 de marzo de 2018. La agenda de elecciones, que ser\u00e1 publicada el lunes, dar\u00e1 inicio oficialmente a la campa\u00f1a electoral, dijo Andrei Klishas, presidente del Comit\u00e9 de [&hellip;]<\/p>\n","protected":false},"author":3,"featured_media":0,"comment_status":"open","ping_status":"open","sticky":false,"template":"","format":"standard","meta":{"footnotes":""},"categories":[22],"tags":[],"class_list":["post-171675","post","type-post","status-publish","format-standard","hentry","category-politica"],"_links":{"self":[{"href":"https:\/\/diariodominicano.com\/index.php?rest_route=\/wp\/v2\/posts\/171675","targetHints":{"allow":["GET"]}}],"collection":[{"href":"https:\/\/diariodominicano.com\/index.php?rest_route=\/wp\/v2\/posts"}],"about":[{"href":"https:\/\/diariodominicano.com\/index.php?rest_route=\/wp\/v2\/types\/post"}],"author":[{"embeddable":true,"href":"https:\/\/diariodominicano.com\/index.php?rest_route=\/wp\/v2\/users\/3"}],"replies":[{"embeddable":true,"href":"https:\/\/diariodominicano.com\/index.php?rest_route=%2Fwp%2Fv2%2Fcomments&post=171675"}],"version-history":[{"count":0,"href":"https:\/\/diariodominicano.com\/index.php?rest_route=\/wp\/v2\/posts\/171675\/revisions"}],"wp:attachment":[{"href":"https:\/\/diariodominicano.com\/index.php?rest_route=%2Fwp%2Fv2%2Fmedia&parent=171675"}],"wp:term":[{"taxonomy":"category","embeddable":true,"href":"https:\/\/diariodominicano.com\/index.php?rest_route=%2Fwp%2Fv2%2Fcategories&post=171675"},{"taxonomy":"post_tag","embeddable":true,"href":"https:\/\/diariodominicano.com\/index.php?rest_route=%2Fwp%2Fv2%2Ftags&post=171675"}],"curies":[{"name":"wp","href":"https:\/\/api.w.org\/{rel}","templated":true}]}}