{"id":171674,"date":"2017-12-15T10:22:09","date_gmt":"2017-12-15T10:22:09","guid":{"rendered":"http:\/\/diariodominicano.ddns.net\/?p=171674"},"modified":"2017-12-15T10:22:09","modified_gmt":"2017-12-15T10:22:09","slug":"cristina-lizardo-hace-llamado-a-que-se-mantenga-la-unidad-de-la-familia-peledeista","status":"publish","type":"post","link":"https:\/\/diariodominicano.com\/?p=171674","title":{"rendered":"Cristina Lizardo hace llamado a que se mantenga la unidad de la familia pelede\u00edsta"},"content":{"rendered":"<p><body><\/p>\n<p><img decoding=\"async\" src=\"img3\/Cristina15.JPG\" \/>  <\/p>\n<p>Santo Domingo, R. D., 15 de diciembre, 2017.- <span class=\"text1noticias\">Al cumplirse este 15 de diciembre el 44 aniversario de la fundaci\u00f3n del Partido de la Liberaci\u00f3n Dominicana, Cristina Lizardo, integrante de su Comit\u00e9 Pol\u00edtico aprovech\u00f3 la ocasi\u00f3n para rendir tributo a su fundador el profesor Juan Bosch llamando a que se mantenga la unidad de la familia pelede\u00edsta.<\/span><\/p>\n<p><span class=\"text1noticias\"> <\/span><\/p>\n<p><span class=\"text1noticias\">La exhortaci\u00f3n fue hecha por Lizardo en representaci\u00f3n de la direcci\u00f3n pol\u00edtica pelede\u00edsta, luego de una ofrenda floral ante el busto de Juan Bosch ubicado en los jardines de la Casa Nacional del PLD.<\/span><\/p>\n<p><span class=\"text1noticias\"> <\/span><\/p>\n<p><span class=\"text1noticias\"> <\/span><\/p>\n<p><span class=\"text1noticias\">\u00abSin temor a equ\u00edvocos puede decirse que la unidad ha sido la clave del crecimiento y la gigantesca cadena de triunfos en la brillante historia del Partido de la Liberaci\u00f3n Dominicana\u00bb, expres\u00f3 la coordinadora de la Comisi\u00f3n de Celebraciones y Conmemoraciones del PLD ante decenas de miembros que se congregaron en la Casa Nacional en una solemne ceremonia de celebraci\u00f3n.<\/span><\/p>\n<p><span class=\"text1noticias\"> <\/span><\/p>\n<p><span class=\"text1noticias\"> <\/span><\/p>\n<p><span class=\"text1noticias\">La tambi\u00e9n senadora por  la provincia Santo Domingo dijo que los pelede\u00edstas est\u00e1n obligados a seguir trabajando sin descanso en la promoci\u00f3n de la paz, en la socializaci\u00f3n de los mejores valores como naci\u00f3n y el logro del bienestar de los ciudadanos y ciudadanas que mayoritariamente siguen confiando en el PLD.<\/span><\/p>\n<p><span class=\"text1noticias\"> <\/span><\/p>\n<p><span class=\"text1noticias\"> <\/span><\/p>\n<p><span class=\"text1noticias\">\u00abLa unidad para nosotros queridos compa\u00f1eros y compa\u00f1eras es y ser\u00e1 una condici\u00f3n ineludible, una forma de vida, una pr\u00e1ctica pol\u00edtica y un deseo muy humano que hemos convertido en una realidad palpable a trav\u00e9s del tiempo y que ha encontrado acomodo en nuestra estructura\u00bb, resalt\u00f3.<\/span><\/p>\n<p><span class=\"text1noticias\"> <\/span><\/p>\n<p><span class=\"text1noticias\"> <\/span><\/p>\n<p><span class=\"text1noticias\">Cristina Lizardo aprovech\u00f3 tambi\u00e9n la \u00e9poca navide\u00f1a para invitar a conjugar la uni\u00f3n como parte fundamental de la convivencia, permanencia y tranquilidad.<\/span><\/p>\n<p><span class=\"text1noticias\"> <\/span><\/p>\n<p><span class=\"text1noticias\"> <\/span><\/p>\n<p><span class=\"text1noticias\">\u00abEstoy plenamente convencida de que el PLD de manera disciplinaria siempre atender\u00e1 y sancionara todas las opiniones sobre cada tema en particular y tomaremos las decisiones que m\u00e1s convengan al inter\u00e9s nacional\u00bb.<\/span><\/p>\n<p><span class=\"text1noticias\"> <\/span><\/p>\n<p><span class=\"text1noticias\"> <\/span><\/p>\n<p><span class=\"text1noticias\"> <\/span><\/p>\n<p><span class=\"text1noticias\">Sugiri\u00f3 que como tributo al fundador del PLD, profesor Juan Bosch, se mantengan el compromiso de ser una sola fuerza empujando hacia una misma direcci\u00f3n capaz de hacer de la Rep\u00fablica Dominicana un lugar donde se pueda coexistir en paz, bienestar, progreso y equidad.<\/span><\/p>\n<p><span class=\"text1noticias\"> <\/span><\/p>\n<p><span class=\"text1noticias\"> <\/span><\/p>\n<p><span class=\"text1noticias\">\u00abNunca olvidemos que estando arriba de laureles o debajo del escudo pisado por la historia que la uni\u00f3n hace la fuerza. As\u00ed ha sido, as\u00ed est\u00e1 escrito en nuestros principios y as\u00ed ser\u00e1 mientras recordemos el nombre de nuestro mentor el profesor Juan Bosch\u00bb, manifest\u00f3 Lizardo invitando a los pelede\u00edstas a deponer sus aspiraciones personales ante el consenso colectivo.<\/span><\/p>\n<p><span class=\"text1noticias\"> <\/span><\/p>\n<p><span class=\"text1noticias\"> <\/span><\/p>\n<p><span class=\"text1noticias\">Las celebraciones del 44 aniversario de la fundaci\u00f3n del Partido de la Liberaci\u00f3n Dominicana iniciaron a las 8:00 de la ma\u00f1ana con el izamiento de las banderas nacional y del PLD, acompa\u00f1adas por el Himno Nacional y el del PLD. Luego de la ofrenda floral ante busto del profesor Juan Bosch y motivadoras palabras de Franklin Rodr\u00edguez a nombre de la Juventud Pelede\u00edsta (JPLD), de Flavia Garc\u00eda. Titular de la Secretar\u00eda de la Mujer del PLD y de Cristina Lizardo, a nombre del Comit\u00e9 Pol\u00edtico, un grupo folkl\u00f3rico ambient\u00f3 el espacio ubicado en el Foro de la Cultura en el patio de la Casa Nacional con m\u00fasica tradicional navide\u00f1a, mientras se depart\u00eda con un brindis con chocolate, jengibre, refrescos, arepa dominicana y pastelitos.<\/span><\/p>\n<p><span class=\"text1noticias\"> <\/span><\/p>\n<p><span class=\"text1noticias\">Fuente: SECRE<\/span>TARIA DE COMUNICACIONES PLD<\/p>\n<\/p>\n<p>15 DE DICIEMBRE, 2017<\/p>\n<h6> 2017-12-15 10:22:09 <\/h6>\n<p><!--\n<link rel=\"stylesheet\" href=\"css\/bootstrap.min.css\">\n\n\n<ul class=\"pagination\">\n\t    \n\t\n\n<li >\n\t<a href='?page_no=6956'>Previous<\/a>\n\t<\/li>\n\n\n       \n    \n\n<li><a href='?page_no=1'>1<\/a><\/li>\n\n\n\n<li><a href='?page_no=2'>2<\/a><\/li>\n\n\n\n<li><a>...<\/a><\/li>\n\n\n\n<li><a href='?page_no=6955'>6955<\/a><\/li>\n\n\n\n<li><a href='?page_no=6956'>6956<\/a><\/li>\n\n\n\n<li class='active'><a>6957<\/a><\/li>\n\n\n\n<li><a href='?page_no=6958'>6958<\/a><\/li>\n\n\n\n<li><a href='?page_no=6959'>6959<\/a><\/li>\n\n\n\n<li><a>...<\/a><\/li>\n\n\n\n<li><a href='?page_no=36999'>36999<\/a><\/li>\n\n\n\n<li><a href='?page_no=37000'>37000<\/a><\/li>\n\n    \n\t\n\n<li >\n\t<a href='?page_no=6958'>Next<\/a>\n\t<\/li>\n\n\n    \n\n<li><a href='?page_no=37000'>Last &rsaquo;&rsaquo;<\/a><\/li>\n\n<\/ul>\n\n\n--><br \/>\n<\/body><\/p>\n","protected":false},"excerpt":{"rendered":"<p>Santo Domingo, R. D., 15 de diciembre, 2017.- Al cumplirse este 15 de diciembre el 44 aniversario de la fundaci\u00f3n del Partido de la Liberaci\u00f3n Dominicana, Cristina Lizardo, integrante de su Comit\u00e9 Pol\u00edtico aprovech\u00f3 la ocasi\u00f3n para rendir tributo a su fundador el profesor Juan Bosch llamando a que se mantenga la unidad de la [&hellip;]<\/p>\n","protected":false},"author":3,"featured_media":0,"comment_status":"open","ping_status":"open","sticky":false,"template":"","format":"standard","meta":{"footnotes":""},"categories":[22],"tags":[],"class_list":["post-171674","post","type-post","status-publish","format-standard","hentry","category-politica"],"_links":{"self":[{"href":"https:\/\/diariodominicano.com\/index.php?rest_route=\/wp\/v2\/posts\/171674","targetHints":{"allow":["GET"]}}],"collection":[{"href":"https:\/\/diariodominicano.com\/index.php?rest_route=\/wp\/v2\/posts"}],"about":[{"href":"https:\/\/diariodominicano.com\/index.php?rest_route=\/wp\/v2\/types\/post"}],"author":[{"embeddable":true,"href":"https:\/\/diariodominicano.com\/index.php?rest_route=\/wp\/v2\/users\/3"}],"replies":[{"embeddable":true,"href":"https:\/\/diariodominicano.com\/index.php?rest_route=%2Fwp%2Fv2%2Fcomments&post=171674"}],"version-history":[{"count":0,"href":"https:\/\/diariodominicano.com\/index.php?rest_route=\/wp\/v2\/posts\/171674\/revisions"}],"wp:attachment":[{"href":"https:\/\/diariodominicano.com\/index.php?rest_route=%2Fwp%2Fv2%2Fmedia&parent=171674"}],"wp:term":[{"taxonomy":"category","embeddable":true,"href":"https:\/\/diariodominicano.com\/index.php?rest_route=%2Fwp%2Fv2%2Fcategories&post=171674"},{"taxonomy":"post_tag","embeddable":true,"href":"https:\/\/diariodominicano.com\/index.php?rest_route=%2Fwp%2Fv2%2Ftags&post=171674"}],"curies":[{"name":"wp","href":"https:\/\/api.w.org\/{rel}","templated":true}]}}