{"id":171673,"date":"2017-12-15T12:16:01","date_gmt":"2017-12-15T12:16:01","guid":{"rendered":"http:\/\/diariodominicano.ddns.net\/?p=171673"},"modified":"2017-12-15T12:16:01","modified_gmt":"2017-12-15T12:16:01","slug":"flavia-garcia-en-nombre-de-las-mujeres-del-pld-dice-que-el-mejor-homenaje-a-bosch-es-mantener-la-unidad","status":"publish","type":"post","link":"https:\/\/diariodominicano.com\/?p=171673","title":{"rendered":"Flavia Garc\u00eda en nombre de las mujeres del PLD dice que el mejor homenaje a Bosch es mantener la unidad"},"content":{"rendered":"<p><body><\/p>\n<p><img decoding=\"async\" src=\"img3\/flavia.jpg\" \/>  <\/p>\n<p>Flavia Garc\u00eda, Titular de la Secretar\u00eda de la Mujer del Partido dela Liberaci\u00f3n Dominicana, exhort\u00f3 a la direcci\u00f3n pol\u00edtica de esa organizaci\u00f3n  a mantenerse unidos como un homenaje permanente al l\u00edder y fundador, Profesor Juan Bosch, ya que solo la unidad mantendr\u00e1 al PLD en el poder.<\/p>\n<\/p>\n<p>Las palabras fueron ofrecidas por la secretaria de la Mujer pelede\u00edsta durante el acto de izamiento de la bandera y ofrenda floral realizado en la Casa Nacional del PLD con motivo de la celebraci\u00f3n del 44 Aniversario de su Fundaci\u00f3n.<\/p>\n<\/p>\n<p>La actividad fue encabezada por los miembros del Comit\u00e9 Pol\u00edtico Cristina Lizardo, Radham\u00e9s Jim\u00e9nez, y Radham\u00e9s Camacho y Alma Fern\u00e1ndez; quienes estuvieron acompa\u00f1ados por varios miembros del Comit\u00e9 Central, dirigentes medios del Partido, miembros y empleados de la Casa Nacional del partido morado.<\/p>\n<\/p>\n<p>Flavia Garc\u00eda record\u00f3 que en 1995 el Profesor Juan Bosch fue conductor y respald\u00f3 la formaci\u00f3n de la Secretar\u00eda de la Mujer del PLD, porque cre\u00eda profundamente que la participaci\u00f3n de la mujer en la pol\u00edtica era fundamental para lograr el desarrollo social, econ\u00f3mico y pol\u00edtico de la sociedad dominicana.<\/p>\n<\/p>\n<p>Indic\u00f3 que Juan Bosch cre\u00eda que la mujer dominicana deb\u00eda conocer la realidad social que viv\u00eda el pa\u00eds, para poder participar consciente y activamente en la formaci\u00f3n y construcci\u00f3n de la paz y la igualdad de g\u00e9nero.<\/p>\n<\/p>\n<p>\u00abEs por eso que las mujeres del PLD, considerando propicia esta ocasi\u00f3n, pedimos a la direcci\u00f3n pol\u00edtica de este partido de nuestros amores y nuestros dolores mantener la unidad como un homenaje permanente a nuestros l\u00edder y fundador Juan Bosch porque solo la unidad nos mantendr\u00e1 en el poder\u00bb, precis\u00f3 la dirigente pelede\u00edsta.<\/p>\n<\/p>\n<p>Al referirse a la trayectoria pol\u00edtica, social e intelectual del Profesor Juan Bosch, que dieron origen a la Fundaci\u00f3n del Partido de la Liberaci\u00f3n Dominicana el 15 de diciembre del a\u00f1o 1973.<\/p>\n<\/p>\n<p>Se\u00f1al\u00f3 que el fundador, gu\u00eda y l\u00edder del PLD dedic\u00f3 su existencia a la acci\u00f3n social y ejercicio intelectual por m\u00e1s de 70 a\u00f1os, dejando una impronta eterna en la historia social y pol\u00edtica dominicana.<\/p>\n<\/p>\n<p>\u00abSu pasi\u00f3n, la lucidez y el talento &#8211; talento que no pocas veces se aproxim\u00f3 a los l\u00edmites del genio &#8211; servidos por una voluntad poderosa, caracterizaron su paso por la tierra\u00bb, indic\u00f3 Flavia Garc\u00eda.<\/p>\n<\/p>\n<p>Record\u00f3 que el 18 de noviembre del 1973, Juan Bosch renunci\u00f3 del Partido Revolucionario Dominicano PRD y, con m\u00e1s de 64 a\u00f1os de edad, fund\u00f3 el 15 de diciembre de ese mismo a\u00f1o el Partido de la Liberaci\u00f3n Dominicana (PLD), que se convirti\u00f3 en un instrumento de lucha del pueblo Dominicano.<\/p>\n<\/p>\n<p>\u00abEl Prof. Juan Bosch nos se\u00f1al\u00f3 el camino, nos protegi\u00f3, nos orient\u00f3 a trav\u00e9s de sus obras, de charlas, conferencias, y su apoyo permanente al pueblo.  La dimensi\u00f3n de su pensamiento pol\u00edtico sin exclusi\u00f3n hacia la mujer, lo convierte en la figura m\u00e1s completa de la historia pol\u00edtica Dominicana\u00bb, puntualiz\u00f3 Flavia Garc\u00eda.<\/p>\n<\/p>\n<p>Garc\u00eda fue la segunda en dedicar la ofrenda a Bosch celebrando el cumplea\u00f1os del PLD, le antecedi\u00f3 Franklin Rodr\u00edguez, quien habl\u00f3 en nombre de la Juventud Pelede\u00edsta, el cierre recay\u00f3 en Cristina Lizardo. Los tres coincidieron en su llamado a manutener la unidad partidaria, que permitan al Partido continuar en la direcci\u00f3n del gobierno.   <\/p>\n<\/p>\n<h6> 2017-12-15 12:16:01 <\/h6>\n<p><!--\n<link rel=\"stylesheet\" href=\"css\/bootstrap.min.css\">\n\n\n<ul class=\"pagination\">\n\t    \n\t\n\n<li >\n\t<a href='?page_no=6955'>Previous<\/a>\n\t<\/li>\n\n\n       \n    \n\n<li><a href='?page_no=1'>1<\/a><\/li>\n\n\n\n<li><a href='?page_no=2'>2<\/a><\/li>\n\n\n\n<li><a>...<\/a><\/li>\n\n\n\n<li><a href='?page_no=6954'>6954<\/a><\/li>\n\n\n\n<li><a href='?page_no=6955'>6955<\/a><\/li>\n\n\n\n<li class='active'><a>6956<\/a><\/li>\n\n\n\n<li><a href='?page_no=6957'>6957<\/a><\/li>\n\n\n\n<li><a href='?page_no=6958'>6958<\/a><\/li>\n\n\n\n<li><a>...<\/a><\/li>\n\n\n\n<li><a href='?page_no=36999'>36999<\/a><\/li>\n\n\n\n<li><a href='?page_no=37000'>37000<\/a><\/li>\n\n    \n\t\n\n<li >\n\t<a href='?page_no=6957'>Next<\/a>\n\t<\/li>\n\n\n    \n\n<li><a href='?page_no=37000'>Last &rsaquo;&rsaquo;<\/a><\/li>\n\n<\/ul>\n\n\n--><br \/>\n<\/body><\/p>\n","protected":false},"excerpt":{"rendered":"<p>Flavia Garc\u00eda, Titular de la Secretar\u00eda de la Mujer del Partido dela Liberaci\u00f3n Dominicana, exhort\u00f3 a la direcci\u00f3n pol\u00edtica de esa organizaci\u00f3n a mantenerse unidos como un homenaje permanente al l\u00edder y fundador, Profesor Juan Bosch, ya que solo la unidad mantendr\u00e1 al PLD en el poder. Las palabras fueron ofrecidas por la secretaria de [&hellip;]<\/p>\n","protected":false},"author":3,"featured_media":0,"comment_status":"open","ping_status":"open","sticky":false,"template":"","format":"standard","meta":{"footnotes":""},"categories":[22],"tags":[],"class_list":["post-171673","post","type-post","status-publish","format-standard","hentry","category-politica"],"_links":{"self":[{"href":"https:\/\/diariodominicano.com\/index.php?rest_route=\/wp\/v2\/posts\/171673","targetHints":{"allow":["GET"]}}],"collection":[{"href":"https:\/\/diariodominicano.com\/index.php?rest_route=\/wp\/v2\/posts"}],"about":[{"href":"https:\/\/diariodominicano.com\/index.php?rest_route=\/wp\/v2\/types\/post"}],"author":[{"embeddable":true,"href":"https:\/\/diariodominicano.com\/index.php?rest_route=\/wp\/v2\/users\/3"}],"replies":[{"embeddable":true,"href":"https:\/\/diariodominicano.com\/index.php?rest_route=%2Fwp%2Fv2%2Fcomments&post=171673"}],"version-history":[{"count":0,"href":"https:\/\/diariodominicano.com\/index.php?rest_route=\/wp\/v2\/posts\/171673\/revisions"}],"wp:attachment":[{"href":"https:\/\/diariodominicano.com\/index.php?rest_route=%2Fwp%2Fv2%2Fmedia&parent=171673"}],"wp:term":[{"taxonomy":"category","embeddable":true,"href":"https:\/\/diariodominicano.com\/index.php?rest_route=%2Fwp%2Fv2%2Fcategories&post=171673"},{"taxonomy":"post_tag","embeddable":true,"href":"https:\/\/diariodominicano.com\/index.php?rest_route=%2Fwp%2Fv2%2Ftags&post=171673"}],"curies":[{"name":"wp","href":"https:\/\/api.w.org\/{rel}","templated":true}]}}