{"id":171672,"date":"2017-12-15T12:21:48","date_gmt":"2017-12-15T12:21:48","guid":{"rendered":"http:\/\/diariodominicano.ddns.net\/?p=171672"},"modified":"2017-12-15T12:21:48","modified_gmt":"2017-12-15T12:21:48","slug":"franklin-rodriguez-resalta-que-el-pld-se-conoce-como-el-partido-de-la-oportunidades-de-los-jovenes","status":"publish","type":"post","link":"https:\/\/diariodominicano.com\/?p=171672","title":{"rendered":"Franklin Rodr\u00edguez: Resalta que el PLD se conoce como el Partido de la oportunidades de los j\u00f3venes"},"content":{"rendered":"<p><body><\/p>\n<p><img decoding=\"async\" src=\"img3\/frankin.jpg\" \/>  <\/p>\n<p>Para Franklin Rodr\u00edguez, titular de la Secretar\u00eda de la Juventud del PLD, es un regocijo llegar al 15 de diciembre por ser un aniversario m\u00e1s del partido, que con sobradas razones, ha sido bautizado como el de las oportunidades de los jovenes en el pa\u00eds.<\/p>\n<\/p>\n<p>A raz\u00f3n del momento que vive esa organizaci\u00f3n en la actualidad, Rodrgiuez signific\u00f3 que cursa las t\u00edpicas sistuaciones que se dan hasta en los mejores hogares y que en el PLD pese a la entremezcla de fortaleza y debilidades, de amenazas y oportunidades, estas \u00faltimas son mas significativas.<\/p>\n<\/p>\n<p>\u00abY cuando se pone en la balanza lo que ha sido el Partido de la Liberaci\u00f3n Dominicana en su interior y en su exterior a favor del pueblo dominicano, es sin lugar a dudas , bien bautizado, como el partido de las oportunidades de los jovenes en la Rep\u00fablica Dominicana\u00bb, acot\u00f3 Rodr\u00edguez en las palabras pronunciadas en el acto de ofrenda floral al proifesor Juan Bosch con motivo de la celebracion del 44 aniversario del PLD.<\/p>\n<\/p>\n<p>En una nota divulgada por el PLD a trav\u00e9s de la Secretar\u00eda de Comunicaciones Rodriguez hace saber que  que el PLD, hoy con 44 a\u00f1os de fundado, se hizo con la presencia de j\u00f3venes con inquietudes, al igual que la tuvo  Galileo Galilei quien en un momento determinado arrib\u00f3 a conclusiones que contradec\u00edan las autoridades de entonces, incluso a la iglesia.<\/p>\n<\/p>\n<p>\u00abDuraba casi toda la noche mirando al espacio noche tras noche y logr\u00f3 descubrir que no era la tierra que estaba en el centro del universo sino, el sol y que eran los planetas los que giraban alrededor de \u00e9l\u00bb, narr\u00f3.<\/p>\n<\/p>\n<p>Franklin Rodr\u00edguez, titular de la JPLD, dijo que es una fecha de regocijo y congratulaci\u00f3n porque se arriba al 44 aniversario del instrumento creado por el profesor Juan Bosch, para completar la obra de los padres de la patria.<\/p>\n<\/p>\n<p>\u00abHoy hacemos un compromiso ante su busto, ante esta Casa Nacional y ante su dirigencia de que la juventud de su partido sigue comprometido con su legado de continuar la obra de los padres fundadores de la Rep\u00fablica y de su gran amigo y tocayo Juan Pablo Duarte y el profesor Juan Bosch\u00bb, concluy\u00f3.<\/p>\n<\/p>\n<p>Justo a las ocho de la ma\u00f1ana el PLD inici\u00f3 la celebraci\u00f2n de su aniversario izando las banderas nacional y de esa organizacion, bajo los acordes de los himnos nacional y del PLD, acto seguido se depositaron los arreglos florales y las dedicatorias, la primera con Franklin  Rodriguen, seguido de Flavia Garc\u00eda , a nombre de la Secretar\u00eda de la Mujer del PLD, cerrando Cristina Lizardo con unas palabras a nombre del Comit\u00e9 Pol\u00edtico.<\/p>\n<\/p>\n<p>Al acto solemne le prosigui\u00f2 una celebracion con musica navide\u00f1a a cargo de un cojunto tipico en el patio de la sede nacional del PLD en Gascue, justo al lado de la mata de limoncillo<\/p>\n<h6> 2017-12-15 12:21:48 <\/h6>\n<p><!--\n<link rel=\"stylesheet\" href=\"css\/bootstrap.min.css\">\n\n\n<ul class=\"pagination\">\n\t    \n\t\n\n<li >\n\t<a href='?page_no=6954'>Previous<\/a>\n\t<\/li>\n\n\n       \n    \n\n<li><a href='?page_no=1'>1<\/a><\/li>\n\n\n\n<li><a href='?page_no=2'>2<\/a><\/li>\n\n\n\n<li><a>...<\/a><\/li>\n\n\n\n<li><a href='?page_no=6953'>6953<\/a><\/li>\n\n\n\n<li><a href='?page_no=6954'>6954<\/a><\/li>\n\n\n\n<li class='active'><a>6955<\/a><\/li>\n\n\n\n<li><a href='?page_no=6956'>6956<\/a><\/li>\n\n\n\n<li><a href='?page_no=6957'>6957<\/a><\/li>\n\n\n\n<li><a>...<\/a><\/li>\n\n\n\n<li><a href='?page_no=36999'>36999<\/a><\/li>\n\n\n\n<li><a href='?page_no=37000'>37000<\/a><\/li>\n\n    \n\t\n\n<li >\n\t<a href='?page_no=6956'>Next<\/a>\n\t<\/li>\n\n\n    \n\n<li><a href='?page_no=37000'>Last &rsaquo;&rsaquo;<\/a><\/li>\n\n<\/ul>\n\n\n--><br \/>\n<\/body><\/p>\n","protected":false},"excerpt":{"rendered":"<p>Para Franklin Rodr\u00edguez, titular de la Secretar\u00eda de la Juventud del PLD, es un regocijo llegar al 15 de diciembre por ser un aniversario m\u00e1s del partido, que con sobradas razones, ha sido bautizado como el de las oportunidades de los jovenes en el pa\u00eds. A raz\u00f3n del momento que vive esa organizaci\u00f3n en la [&hellip;]<\/p>\n","protected":false},"author":3,"featured_media":0,"comment_status":"open","ping_status":"open","sticky":false,"template":"","format":"standard","meta":{"footnotes":""},"categories":[22],"tags":[],"class_list":["post-171672","post","type-post","status-publish","format-standard","hentry","category-politica"],"_links":{"self":[{"href":"https:\/\/diariodominicano.com\/index.php?rest_route=\/wp\/v2\/posts\/171672","targetHints":{"allow":["GET"]}}],"collection":[{"href":"https:\/\/diariodominicano.com\/index.php?rest_route=\/wp\/v2\/posts"}],"about":[{"href":"https:\/\/diariodominicano.com\/index.php?rest_route=\/wp\/v2\/types\/post"}],"author":[{"embeddable":true,"href":"https:\/\/diariodominicano.com\/index.php?rest_route=\/wp\/v2\/users\/3"}],"replies":[{"embeddable":true,"href":"https:\/\/diariodominicano.com\/index.php?rest_route=%2Fwp%2Fv2%2Fcomments&post=171672"}],"version-history":[{"count":0,"href":"https:\/\/diariodominicano.com\/index.php?rest_route=\/wp\/v2\/posts\/171672\/revisions"}],"wp:attachment":[{"href":"https:\/\/diariodominicano.com\/index.php?rest_route=%2Fwp%2Fv2%2Fmedia&parent=171672"}],"wp:term":[{"taxonomy":"category","embeddable":true,"href":"https:\/\/diariodominicano.com\/index.php?rest_route=%2Fwp%2Fv2%2Fcategories&post=171672"},{"taxonomy":"post_tag","embeddable":true,"href":"https:\/\/diariodominicano.com\/index.php?rest_route=%2Fwp%2Fv2%2Ftags&post=171672"}],"curies":[{"name":"wp","href":"https:\/\/api.w.org\/{rel}","templated":true}]}}