{"id":171670,"date":"2017-12-15T17:59:38","date_gmt":"2017-12-15T17:59:38","guid":{"rendered":"http:\/\/diariodominicano.ddns.net\/?p=171670"},"modified":"2017-12-15T17:59:38","modified_gmt":"2017-12-15T17:59:38","slug":"chile-emplaza-a-macri-por-apoyo-explicito-a-pinera","status":"publish","type":"post","link":"https:\/\/diariodominicano.com\/?p=171670","title":{"rendered":"Chile emplaza a Macri por apoyo expl\u00edcito a Pi\u00f1era"},"content":{"rendered":"<p><body><\/p>\n<p><img decoding=\"async\" src=\"img3\/macri-pinera.jpg\" \/>  <\/p>\n<p><strong> Santiago de Chile, 15 dic (PL)<\/strong> El Gobierno de Chile consider\u00f3 hoy \u00bbaltamente inusual\u00bb que un presidente de otro pa\u00eds apoye a uno de los candidatos electorales, en referencia directa al video circulado de Mauricio Macri.<\/p>\n<\/p>\n<p>&#8216;El ejercicio electoral les compete exclusivamente a los chilenos&#8217;, recalc\u00f3 en un comunicado el ministro de Relaciones Exteriores, Heraldo Mu\u00f1oz, acerca de la postura de Macri de respaldo al magnate derechista Sebasti\u00e1n Pi\u00f1era.<\/p>\n<\/p>\n<p>En el video de marras, el gobernante argentino se\u00f1al\u00f3: &#8216;(&#8230;) deseo (a los chilenos) que tengan la mejor elecci\u00f3n y en eso no soy objetivo. Hace muchos a\u00f1os soy amigo de Sebasti\u00e1n, lo admiro, creo que es un gran dirigente (&#8230;)&#8217;.<\/p>\n<\/p>\n<p>El jefe de la diplomacia chilena lament\u00f3 que un presidente en ejercicio apoye (a uno de los aspirantes) diciendo que no puede ser objetivo por la amistad que tiene con uno de ellos.<\/p>\n<\/p>\n<p>Mu\u00f1oz argument\u00f3 que lo importante para los chilenos es &#8216;qui\u00e9n les ofrece una mejor calidad de vida, una mejor empat\u00eda, la continuaci\u00f3n de las reformas, una econom\u00eda que pueda crecer, un pa\u00eds que pueda ser m\u00e1s pr\u00f3spero y justo&#8217;.<\/p>\n<\/p>\n<p>De todas formas, reconoci\u00f3 que todos esos pronunciamientos desde el exterior tienen un impacto bastante limitado.<\/p>\n<\/p>\n<p>A\u00f1adi\u00f3 que la relaci\u00f3n entre Chile y Argentina, &#8216;est\u00e1 en un excelente pie, hemos ido avanzando en tantos \u00e1mbitos, desde la conectividad a lo econ\u00f3mico, lo cultural&#8217;.<\/p>\n<\/p>\n<p>El rival de Pi\u00f1era en el balotaje del domingo es el senador independiente de centroizquierda Alejandro Guillier, quien ayer se vali\u00f3 del espaldarazo de un referente de la pol\u00edtica en Sudam\u00e9rica, el ex mandatario uruguayo Jos\u00e9 Pepe Mujica.<\/p>\n<\/p>\n<p>En una cerrada segunda vuelta, alrededor de 14,3 millones de chilenos est\u00e1n convocados a las urnas para elegir al futuro inquilino del Palacio de La Moneda. La dignataria Michelle Bachelet termina su per\u00edodo el 11 de marzo de 2018. pgh\/Ft<\/p>\n<h6> 2017-12-15 17:59:38 <\/h6>\n<p><!--\n<link rel=\"stylesheet\" href=\"css\/bootstrap.min.css\">\n\n\n<ul class=\"pagination\">\n\t    \n\t\n\n<li >\n\t<a href='?page_no=6952'>Previous<\/a>\n\t<\/li>\n\n\n       \n    \n\n<li><a href='?page_no=1'>1<\/a><\/li>\n\n\n\n<li><a href='?page_no=2'>2<\/a><\/li>\n\n\n\n<li><a>...<\/a><\/li>\n\n\n\n<li><a href='?page_no=6951'>6951<\/a><\/li>\n\n\n\n<li><a href='?page_no=6952'>6952<\/a><\/li>\n\n\n\n<li class='active'><a>6953<\/a><\/li>\n\n\n\n<li><a href='?page_no=6954'>6954<\/a><\/li>\n\n\n\n<li><a href='?page_no=6955'>6955<\/a><\/li>\n\n\n\n<li><a>...<\/a><\/li>\n\n\n\n<li><a href='?page_no=36999'>36999<\/a><\/li>\n\n\n\n<li><a href='?page_no=37000'>37000<\/a><\/li>\n\n    \n\t\n\n<li >\n\t<a href='?page_no=6954'>Next<\/a>\n\t<\/li>\n\n\n    \n\n<li><a href='?page_no=37000'>Last &rsaquo;&rsaquo;<\/a><\/li>\n\n<\/ul>\n\n\n--><br \/>\n<\/body><\/p>\n","protected":false},"excerpt":{"rendered":"<p>Santiago de Chile, 15 dic (PL) El Gobierno de Chile consider\u00f3 hoy \u00bbaltamente inusual\u00bb que un presidente de otro pa\u00eds apoye a uno de los candidatos electorales, en referencia directa al video circulado de Mauricio Macri. &#8216;El ejercicio electoral les compete exclusivamente a los chilenos&#8217;, recalc\u00f3 en un comunicado el ministro de Relaciones Exteriores, Heraldo [&hellip;]<\/p>\n","protected":false},"author":3,"featured_media":0,"comment_status":"open","ping_status":"open","sticky":false,"template":"","format":"standard","meta":{"footnotes":""},"categories":[22],"tags":[],"class_list":["post-171670","post","type-post","status-publish","format-standard","hentry","category-politica"],"_links":{"self":[{"href":"https:\/\/diariodominicano.com\/index.php?rest_route=\/wp\/v2\/posts\/171670","targetHints":{"allow":["GET"]}}],"collection":[{"href":"https:\/\/diariodominicano.com\/index.php?rest_route=\/wp\/v2\/posts"}],"about":[{"href":"https:\/\/diariodominicano.com\/index.php?rest_route=\/wp\/v2\/types\/post"}],"author":[{"embeddable":true,"href":"https:\/\/diariodominicano.com\/index.php?rest_route=\/wp\/v2\/users\/3"}],"replies":[{"embeddable":true,"href":"https:\/\/diariodominicano.com\/index.php?rest_route=%2Fwp%2Fv2%2Fcomments&post=171670"}],"version-history":[{"count":0,"href":"https:\/\/diariodominicano.com\/index.php?rest_route=\/wp\/v2\/posts\/171670\/revisions"}],"wp:attachment":[{"href":"https:\/\/diariodominicano.com\/index.php?rest_route=%2Fwp%2Fv2%2Fmedia&parent=171670"}],"wp:term":[{"taxonomy":"category","embeddable":true,"href":"https:\/\/diariodominicano.com\/index.php?rest_route=%2Fwp%2Fv2%2Fcategories&post=171670"},{"taxonomy":"post_tag","embeddable":true,"href":"https:\/\/diariodominicano.com\/index.php?rest_route=%2Fwp%2Fv2%2Ftags&post=171670"}],"curies":[{"name":"wp","href":"https:\/\/api.w.org\/{rel}","templated":true}]}}