{"id":171667,"date":"2017-12-16T22:06:38","date_gmt":"2017-12-16T22:06:38","guid":{"rendered":"http:\/\/diariodominicano.ddns.net\/?p=171667"},"modified":"2017-12-16T22:06:38","modified_gmt":"2017-12-16T22:06:38","slug":"realizan-en-madrid-seminario-vida-y-obra-de-juan-bosch","status":"publish","type":"post","link":"https:\/\/diariodominicano.com\/?p=171667","title":{"rendered":"Realizan en Madrid Seminario  VIDA Y OBRA DE JUAN BOSCH&#13;"},"content":{"rendered":"<p><body><\/p>\n<p><img decoding=\"async\" src=\"img3\/unnamed (3) (3).jpg\" \/><br \/><img decoding=\"async\" src=\"img3\/unnamed (7) (1).jpg\" \/><br \/><img decoding=\"async\" src=\"img3\/unnamed (10).jpg\" \/>  <\/p>\n<\/p>\n<p>Un 15 de diciembre de 1973 Juan Bosch funda el Partido de la Liberaci\u00f3n Dominicana. Se  cumplen 44 a\u00f1os de la fundaci\u00f3n del PLD.<\/p>\n<\/p>\n<p><strong>Por Doris Araujo y Olmedo Pineda<\/strong><\/p>\n<\/p>\n<p><strong>MADRID, Espa\u00f1a.<\/strong> Como un acontecimiento previo  la ministra de Educaci\u00f3n Superior Ciencia y Tecnolog\u00eda de la Rep\u00fablica Dominicana, Alejandrina Germ\u00e1n y Juan Cay\u00f3n, rector de la Universidad Nebrija firmaron en Madrid, un convenio mediante el cual se instituye la C\u00e1tedra Profesor Juan Bosch, un acto que reconoce la dimensi\u00f3n del ilustre pol\u00edtico y escritor dominicano. <\/p>\n<\/p>\n<p>Luego se dio inicio formal al Seminario  sobre la VIDA Y OBRA DE JUAN BOSCH, Visi\u00f3n sobre la geopol\u00edtica y las relaciones internacionales. <\/p>\n<\/p>\n<p>La mesa estuvo presidida por la Ministra de Educaci\u00f3n Superior Ciencia y Tecnolog\u00eda (MESCYT) y Secretaria de formaci\u00f3n pol\u00edtica del Partido de la Liberaci\u00f3n Dominicana Alejandrina Germ\u00e1n quien dicto el discurso de apertura, junto al presidente del PLD de Europa y diputado de Ultramar Marcos Cross, as\u00ed como los miembros del Comit\u00e9 Central<\/p>\n<\/p>\n<p>Roberto Jim\u00e9nez y Mercedes Brito, Frank Bencosme presidente del PLD en Madrid, Manuel Colon presidente en Barcelona, Lucy Mart\u00ednez presidenta de Suiza y Vicepresidenta de Europa.<\/p>\n<\/p>\n<p>En el acto inaugural particip\u00f3 el excelent\u00edsimo embajador ante el reino de Espa\u00f1a Olivo Rodr\u00edguez Huerta y los c\u00f3nsules Rafael Acosta de Madrid, Adriano de los Santos de Barcelona. <\/p>\n<\/p>\n<p>Estuvieron presentes las delegaciones del PLD de B\u00e9lgica  encabezada por Luis Mart\u00ednez, Alemania, por Ivelise de Oleo, delegaci\u00f3n de Valencia la encabez\u00f3 el vicec\u00f3nsul Milton Jim\u00e9nez.<\/p>\n<\/p>\n<p>El Seminario concluir\u00e1 el s\u00e1bado 16 donde se har\u00e1n presente los presidentes  del PLD de todas las provincias de Espa\u00f1a.<\/p>\n<\/p>\n<p>Los ponentes en el seminario son: Dr. Manuel Antonio Mej\u00eda, el<\/p>\n<\/p>\n<p>Embajador Ivan Ernesto Gat\u00f3n, el<\/p>\n<\/p>\n<p>Dr. Ludwin Hern\u00e1ndez, Prof. Luis Armando Garc\u00eda Segura, Escritor Daniel Tejada, Lic. Rafael Antonio Acosta Javier, Prof. Juan Carlos<\/p>\n<\/p>\n<p>S\u00e1nchez,  El C\u00f3nsul de Valencia Jorge Cordero Pache,  el prof. Alejandro Arvelo, el Prof. Marcos Genaro Cross S\u00e1nchez, y Embajador Olivo Rodr\u00edguez Huerta. <\/p>\n<\/p>\n<p>Las palabras de Bienvenida estuvieron a cargo de los presidentes del PLD de Madrid y Europa Frank Bencosme y Marcos Cross respectivamente, mientras que el Discurso de clausura estuvo a cargo por el Ing. Roberto Jim\u00e9nez miembro del Comit\u00e9 Central del PLD.<\/p>\n<\/p>\n<h6> 2017-12-16 22:06:38 <\/h6>\n<p><!--\n<link rel=\"stylesheet\" href=\"css\/bootstrap.min.css\">\n\n\n<ul class=\"pagination\">\n\t    \n\t\n\n<li >\n\t<a href='?page_no=6949'>Previous<\/a>\n\t<\/li>\n\n\n       \n    \n\n<li><a href='?page_no=1'>1<\/a><\/li>\n\n\n\n<li><a href='?page_no=2'>2<\/a><\/li>\n\n\n\n<li><a>...<\/a><\/li>\n\n\n\n<li><a href='?page_no=6948'>6948<\/a><\/li>\n\n\n\n<li><a href='?page_no=6949'>6949<\/a><\/li>\n\n\n\n<li class='active'><a>6950<\/a><\/li>\n\n\n\n<li><a href='?page_no=6951'>6951<\/a><\/li>\n\n\n\n<li><a href='?page_no=6952'>6952<\/a><\/li>\n\n\n\n<li><a>...<\/a><\/li>\n\n\n\n<li><a href='?page_no=36999'>36999<\/a><\/li>\n\n\n\n<li><a href='?page_no=37000'>37000<\/a><\/li>\n\n    \n\t\n\n<li >\n\t<a href='?page_no=6951'>Next<\/a>\n\t<\/li>\n\n\n    \n\n<li><a href='?page_no=37000'>Last &rsaquo;&rsaquo;<\/a><\/li>\n\n<\/ul>\n\n\n--><br \/>\n<\/body><\/p>\n","protected":false},"excerpt":{"rendered":"<p>Un 15 de diciembre de 1973 Juan Bosch funda el Partido de la Liberaci\u00f3n Dominicana. Se cumplen 44 a\u00f1os de la fundaci\u00f3n del PLD. Por Doris Araujo y Olmedo Pineda MADRID, Espa\u00f1a. Como un acontecimiento previo la ministra de Educaci\u00f3n Superior Ciencia y Tecnolog\u00eda de la Rep\u00fablica Dominicana, Alejandrina Germ\u00e1n y Juan Cay\u00f3n, rector de [&hellip;]<\/p>\n","protected":false},"author":3,"featured_media":0,"comment_status":"open","ping_status":"open","sticky":false,"template":"","format":"standard","meta":{"footnotes":""},"categories":[22],"tags":[],"class_list":["post-171667","post","type-post","status-publish","format-standard","hentry","category-politica"],"_links":{"self":[{"href":"https:\/\/diariodominicano.com\/index.php?rest_route=\/wp\/v2\/posts\/171667","targetHints":{"allow":["GET"]}}],"collection":[{"href":"https:\/\/diariodominicano.com\/index.php?rest_route=\/wp\/v2\/posts"}],"about":[{"href":"https:\/\/diariodominicano.com\/index.php?rest_route=\/wp\/v2\/types\/post"}],"author":[{"embeddable":true,"href":"https:\/\/diariodominicano.com\/index.php?rest_route=\/wp\/v2\/users\/3"}],"replies":[{"embeddable":true,"href":"https:\/\/diariodominicano.com\/index.php?rest_route=%2Fwp%2Fv2%2Fcomments&post=171667"}],"version-history":[{"count":0,"href":"https:\/\/diariodominicano.com\/index.php?rest_route=\/wp\/v2\/posts\/171667\/revisions"}],"wp:attachment":[{"href":"https:\/\/diariodominicano.com\/index.php?rest_route=%2Fwp%2Fv2%2Fmedia&parent=171667"}],"wp:term":[{"taxonomy":"category","embeddable":true,"href":"https:\/\/diariodominicano.com\/index.php?rest_route=%2Fwp%2Fv2%2Fcategories&post=171667"},{"taxonomy":"post_tag","embeddable":true,"href":"https:\/\/diariodominicano.com\/index.php?rest_route=%2Fwp%2Fv2%2Ftags&post=171667"}],"curies":[{"name":"wp","href":"https:\/\/api.w.org\/{rel}","templated":true}]}}