{"id":171665,"date":"2017-12-16T22:23:49","date_gmt":"2017-12-16T22:23:49","guid":{"rendered":"http:\/\/diariodominicano.ddns.net\/?p=171665"},"modified":"2017-12-16T22:23:49","modified_gmt":"2017-12-16T22:23:49","slug":"derecha-y-centroizquierda-disputan-segunda-vuelta-presidencial-de-chile","status":"publish","type":"post","link":"https:\/\/diariodominicano.com\/?p=171665","title":{"rendered":"Derecha y centroizquierda disputan segunda vuelta presidencial de Chile"},"content":{"rendered":"<p><body><\/p>\n<p><img decoding=\"async\" src=\"img3\/136831041_15134670684851n.jpg\" \/><br \/><img decoding=\"async\" src=\"img3\/136831041_15134670685471n.jpg\" \/><br \/><img decoding=\"async\" src=\"img3\/136831041_15134670686881n.jpg\" \/>  <\/p>\n<p><strong>Vista de las urnas en un centro de votaci\u00f3n la v\u00edspera de las elecciones presidenciales, en la comuna de Santiago, Chile, el 16 de diciembre de 2017. (Xinhua\/Jorge Villegas)<\/strong><\/p>\n<\/p>\n<p><strong>Por Omar Mendoza<\/strong><\/p>\n<\/p>\n<p><strong>SANTIAGO, 16 dic (Xinhua) &#8212;<\/strong> El ex presidente de Chile, Sebasti\u00e1n Pi\u00f1era (2010-2014), y el senador Alejandro Guillier disputar\u00e1n ma\u00f1ana domingo la segunda vuelta electoral, contienda a la que llegan con un virtual empate t\u00e9cnico, seg\u00fan los sondeos.<\/p>\n<\/p>\n<p><strong>Un funcionario de la Fuerza A\u00e9rea de Chile (FACH), encargado de la seguridad y el orden, custodia la sala donde se encuentran las urnas en un centro de votaci\u00f3n la v\u00edspera de las elecciones presidenciales, en la comuna de Santiago, Chile, el 16 de diciembre de 2017. (Xinhua\/Jorge Villegas)<\/strong><\/p>\n<\/p>\n<p>Las encuestas y los comentarios de expertos pol\u00edticos en medio de la batalla de los medios de informaci\u00f3n han mostrado las tensiones que se viven, tanto en el gobierno como en la oposici\u00f3n de derecha en Chile, ante la incertidumbre de los resultados para la segunda vuelta electoral.<\/p>\n<\/p>\n<p>De manera paralela se advierte la preocupaci\u00f3n de los partidos y sus l\u00edderes por una eventual masiva abstenci\u00f3n de los chilenos este domingo.<\/p>\n<\/p>\n<p>Los partidos oficialistas que apoyan a Alejandro Guillier siguen esperanzados en que el izquierdista Frente Amplio, que de manera sorpresiva alcanz\u00f3 el 20,27 por ciento de la votaci\u00f3n general en la primera vuelta, se abra para solicitar a sus seguidores que apoyen a la candidatura del pol\u00edtico de centroizquierda.<\/p>\n<\/p>\n<p> <strong>Un empleado trabaja en la instalaci\u00f3n de las urnas en un centro de votaci\u00f3n la v\u00edspera de las elecciones presidenciales, en la comuna de Santiago, Chile, el 16 de diciembre de 2017. (Xinhua\/Jorge Villegas)<\/strong><\/p>\n<\/p>\n<p>En el gobierno, como en la oposici\u00f3n, existe preocupaci\u00f3n por la baja votaci\u00f3n de los chilenos que se registr\u00f3 en la primera vuelta del pasado 19 de noviembre, la cual fue de 46 por ciento.<\/p>\n<\/p>\n<p><strong>Vista de las urnas en un centro de votaci\u00f3n la v\u00edspera de las elecciones presidenciales, en la comuna de Santiago, Chile, el 16 de diciembre de 2017. (Xinhua\/Jorge Villegas)<\/strong><\/p>\n<\/p>\n<p>De un total de 14 millones 347.288 chilenos habilitados para votar, s\u00f3lo unos 6,65 millones ejercieron su derecho a voto, lo cual significa que el 54 por ciento del padr\u00f3n electoral no acudi\u00f3 a las urnas.<\/p>\n<\/p>\n<p>Hasta hace un mes se vislumbraba una victoria para Pi\u00f1era, pero la irrupci\u00f3n del Frente Amplio, que logr\u00f3 el 20,27 por ciento de la votaci\u00f3n en la primera vuelta, posibilit\u00f3 una re\u00f1ida batalla electoral en el balotaje con el senador Guillier.<\/p>\n<\/p>\n<p>El pasado 19 de noviembre Pi\u00f1era obtuvo 36,64 por ciento de los sufragios, frente al 22,7 por ciento de Guillier.<\/p>\n<\/p>\n<p>Para la primera vuelta se gener\u00f3 una opini\u00f3n p\u00fablica de que el gobierno de la presidenta de Chile, Michelle Bachelet, carec\u00eda de apoyo y que el triunfo de la derecha iba a ser arrollador.<\/p>\n<\/p>\n<p>Esa situaci\u00f3n cambi\u00f3 con la irrupci\u00f3n del Frente Amplio, una coalici\u00f3n de izquierda fundada a principios de 2017, cuya captaci\u00f3n de votos es una se\u00f1al de que la mayor\u00eda de centroizquierda quiere cambios m\u00e1s profundos.<\/p>\n<\/p>\n<p>Pero ese sentimiento no se ha articulado en los partidos oficialistas que apoyan a Guillier, quien si gana tendr\u00e1 que introducir cambios en el Programa de Gobierno, tanto si el Frente Amplio acepta formar gobierno o si se mantiene como una fuerza opositora.<\/p>\n<\/p>\n<p>La presidenta Bachelet y el gabinete ministerial han insistido en las \u00faltimas semanas que Guillier va a ganar, aunque sin ofrecer mayores elementos de juicio.<\/p>\n<\/p>\n<p>Por un lado, se conf\u00eda en que muchos seguidores de la Democracia Cristiana y del Partido Progresista pueden votar por Guillier, con lo cual alcanzar\u00eda m\u00e1s del 50 por ciento de los votos, pero el problema est\u00e1 en el Frente Amplio, que sigue sin ofrecer un apoyo abierto al senador.<\/p>\n<\/p>\n<p>Por otro lado, el alejamiento de la pol\u00edtica por parte de los chilenos es muy fuerte.<\/p>\n<\/p>\n<p>El director del Centro de Estudios P\u00fablicos de Chile, Harald Beyer, dijo que \u00absi cae en 700.000 personas en el balotaje, Pi\u00f1era ganar\u00e1. Si cae en menos de esa cantidad comienza a existir una posibilidad de que Guillier gane\u00bb.<\/p>\n<\/p>\n<p>Agreg\u00f3 que Guillier \u00ablo tiene dif\u00edcil para lograr todos los votos del enorme espectro que va desde la Democracia Cristiana a la izquierda y el voto del Frente Amplio parece ser mucho m\u00e1s heterog\u00e9neo de lo que se cre\u00eda\u00bb.<\/p>\n<\/p>\n<p>Ahora, s\u00f3lo queda esperar el resultado de las urnas para saber qui\u00e9n ser\u00e1 el jefe de Estado de Chile a partir del 11 de marzo del 2018.<\/p>\n<h6> 2017-12-16 22:23:49 <\/h6>\n<p><!--\n<link rel=\"stylesheet\" href=\"css\/bootstrap.min.css\">\n\n\n<ul class=\"pagination\">\n\t    \n\t\n\n<li >\n\t<a href='?page_no=6948'>Previous<\/a>\n\t<\/li>\n\n\n       \n    \n\n<li><a href='?page_no=1'>1<\/a><\/li>\n\n\n\n<li><a href='?page_no=2'>2<\/a><\/li>\n\n\n\n<li><a>...<\/a><\/li>\n\n\n\n<li><a href='?page_no=6947'>6947<\/a><\/li>\n\n\n\n<li><a href='?page_no=6948'>6948<\/a><\/li>\n\n\n\n<li class='active'><a>6949<\/a><\/li>\n\n\n\n<li><a href='?page_no=6950'>6950<\/a><\/li>\n\n\n\n<li><a href='?page_no=6951'>6951<\/a><\/li>\n\n\n\n<li><a>...<\/a><\/li>\n\n\n\n<li><a href='?page_no=36999'>36999<\/a><\/li>\n\n\n\n<li><a href='?page_no=37000'>37000<\/a><\/li>\n\n    \n\t\n\n<li >\n\t<a href='?page_no=6950'>Next<\/a>\n\t<\/li>\n\n\n    \n\n<li><a href='?page_no=37000'>Last &rsaquo;&rsaquo;<\/a><\/li>\n\n<\/ul>\n\n\n--><br \/>\n<\/body><\/p>\n","protected":false},"excerpt":{"rendered":"<p>Vista de las urnas en un centro de votaci\u00f3n la v\u00edspera de las elecciones presidenciales, en la comuna de Santiago, Chile, el 16 de diciembre de 2017. (Xinhua\/Jorge Villegas) Por Omar Mendoza SANTIAGO, 16 dic (Xinhua) &#8212; El ex presidente de Chile, Sebasti\u00e1n Pi\u00f1era (2010-2014), y el senador Alejandro Guillier disputar\u00e1n ma\u00f1ana domingo la segunda [&hellip;]<\/p>\n","protected":false},"author":3,"featured_media":0,"comment_status":"open","ping_status":"open","sticky":false,"template":"","format":"standard","meta":{"footnotes":""},"categories":[22],"tags":[],"class_list":["post-171665","post","type-post","status-publish","format-standard","hentry","category-politica"],"_links":{"self":[{"href":"https:\/\/diariodominicano.com\/index.php?rest_route=\/wp\/v2\/posts\/171665","targetHints":{"allow":["GET"]}}],"collection":[{"href":"https:\/\/diariodominicano.com\/index.php?rest_route=\/wp\/v2\/posts"}],"about":[{"href":"https:\/\/diariodominicano.com\/index.php?rest_route=\/wp\/v2\/types\/post"}],"author":[{"embeddable":true,"href":"https:\/\/diariodominicano.com\/index.php?rest_route=\/wp\/v2\/users\/3"}],"replies":[{"embeddable":true,"href":"https:\/\/diariodominicano.com\/index.php?rest_route=%2Fwp%2Fv2%2Fcomments&post=171665"}],"version-history":[{"count":0,"href":"https:\/\/diariodominicano.com\/index.php?rest_route=\/wp\/v2\/posts\/171665\/revisions"}],"wp:attachment":[{"href":"https:\/\/diariodominicano.com\/index.php?rest_route=%2Fwp%2Fv2%2Fmedia&parent=171665"}],"wp:term":[{"taxonomy":"category","embeddable":true,"href":"https:\/\/diariodominicano.com\/index.php?rest_route=%2Fwp%2Fv2%2Fcategories&post=171665"},{"taxonomy":"post_tag","embeddable":true,"href":"https:\/\/diariodominicano.com\/index.php?rest_route=%2Fwp%2Fv2%2Ftags&post=171665"}],"curies":[{"name":"wp","href":"https:\/\/api.w.org\/{rel}","templated":true}]}}